{"id":824,"date":"2021-08-20T19:52:12","date_gmt":"2021-08-20T23:52:12","guid":{"rendered":"https:\/\/parquecultural.cl\/hablaryactuar\/?p=824"},"modified":"2021-08-20T19:58:33","modified_gmt":"2021-08-20T23:58:33","slug":"el-mercurio-parque-cultural-de-valparaiso-inaugura-el-lunes-exposicion-en-formato-hibrido","status":"publish","type":"post","link":"https:\/\/parquecultural.cl\/hablaryactuar\/el-mercurio-parque-cultural-de-valparaiso-inaugura-el-lunes-exposicion-en-formato-hibrido\/","title":{"rendered":"EL MERCURIO &#8211; Parque Cultural de Valpara\u00edso inaugura el lunes exposici\u00f3n en formato h\u00edbrido"},"content":{"rendered":"<p><a href=\"https:\/\/parquecultural.cl\/hablaryactuar\/wp-content\/uploads\/2021\/08\/HablaryActuar_MercurioValparai\u0301so_03.07.21.pdf\"><img loading=\"lazy\" decoding=\"async\" class=\"alignnone wp-image-828 size-medium\" src=\"https:\/\/parquecultural.cl\/hablaryactuar\/wp-content\/uploads\/2021\/08\/Captura-de-Pantalla-2021-08-20-a-las-19.53.54-300x218.png\" alt=\"\" width=\"300\" height=\"218\" srcset=\"https:\/\/parquecultural.cl\/hablaryactuar\/wp-content\/uploads\/2021\/08\/Captura-de-Pantalla-2021-08-20-a-las-19.53.54-300x218.png 300w, https:\/\/parquecultural.cl\/hablaryactuar\/wp-content\/uploads\/2021\/08\/Captura-de-Pantalla-2021-08-20-a-las-19.53.54-768x558.png 768w, https:\/\/parquecultural.cl\/hablaryactuar\/wp-content\/uploads\/2021\/08\/Captura-de-Pantalla-2021-08-20-a-las-19.53.54.png 916w\" sizes=\"auto, (max-width: 300px) 100vw, 300px\" \/><\/a><\/p>\n","protected":false},"excerpt":{"rendered":"","protected":false},"author":4,"featured_media":0,"comment_status":"open","ping_status":"open","sticky":false,"template":"","format":"standard","meta":{"_acf_changed":false,"footnotes":""},"categories":[6],"tags":[],"class_list":["post-824","post","type-post","status-publish","format-standard","hentry","category-publicaciones"],"acf":[],"_links":{"self":[{"href":"https:\/\/parquecultural.cl\/hablaryactuar\/wp-json\/wp\/v2\/posts\/824","targetHints":{"allow":["GET"]}}],"collection":[{"href":"https:\/\/parquecultural.cl\/hablaryactuar\/wp-json\/wp\/v2\/posts"}],"about":[{"href":"https:\/\/parquecultural.cl\/hablaryactuar\/wp-json\/wp\/v2\/types\/post"}],"author":[{"embeddable":true,"href":"https:\/\/parquecultural.cl\/hablaryactuar\/wp-json\/wp\/v2\/users\/4"}],"replies":[{"embeddable":true,"href":"https:\/\/parquecultural.cl\/hablaryactuar\/wp-json\/wp\/v2\/comments?post=824"}],"version-history":[{"count":6,"href":"https:\/\/parquecultural.cl\/hablaryactuar\/wp-json\/wp\/v2\/posts\/824\/revisions"}],"predecessor-version":[{"id":832,"href":"https:\/\/parquecultural.cl\/hablaryactuar\/wp-json\/wp\/v2\/posts\/824\/revisions\/832"}],"wp:attachment":[{"href":"https:\/\/parquecultural.cl\/hablaryactuar\/wp-json\/wp\/v2\/media?parent=824"}],"wp:term":[{"taxonomy":"category","embeddable":true,"href":"https:\/\/parquecultural.cl\/hablaryactuar\/wp-json\/wp\/v2\/categories?post=824"},{"taxonomy":"post_tag","embeddable":true,"href":"https:\/\/parquecultural.cl\/hablaryactuar\/wp-json\/wp\/v2\/tags?post=824"}],"curies":[{"name":"wp","href":"https:\/\/api.w.org\/{rel}","templated":true}]}}