{"id":74,"date":"2021-07-09T11:44:00","date_gmt":"2021-07-09T15:44:00","guid":{"rendered":"https:\/\/parquecultural.cl\/hablaryactuar\/?p=74"},"modified":"2022-02-10T12:45:27","modified_gmt":"2022-02-10T16:45:27","slug":"no-work-no-shop-pedagogias-criticas","status":"publish","type":"post","link":"https:\/\/parquecultural.cl\/hablaryactuar\/no-work-no-shop-pedagogias-criticas\/","title":{"rendered":"NO WORK, NO SHOP: hablar y actuar en tiempos de crisis"},"content":{"rendered":"\r\n\r\n\r\n<p><i><span style=\"font-weight: 400;\">No work, No shop: hablar y actuar en tiempos de crisis<\/span><\/i><span style=\"font-weight: 400;\"> se presenta como un espacio abierto para el desarrollo no consumista de la experiencia art\u00edstica, con la intenci\u00f3n de profundizar sobre las pr\u00e1cticas de creaci\u00f3n y acci\u00f3n colectiva, a partir de la b\u00fasqueda e intereses personales de quienes participaron del taller\/residencia, donde se analizaron diferentes ejemplos de acciones e intervenciones de arte\/activismo poniendo especial atenci\u00f3n sobre el contexto actual y conceptos como crisis de representaci\u00f3n, econ\u00f3mica y de imaginaci\u00f3n.\u00a0<\/span><\/p>\r\n<p><span style=\"font-weight: 400;\">En una primera instancia el Colectivo Etc\u00e9tera\u2026 present\u00f3 un breve repaso de su historia a trav\u00e9s de im\u00e1genes y videos: un itinerario que fue desde sus primeras acciones art\u00edsticas en las <\/span><i><span style=\"font-weight: 400;\">funas <\/span><\/i><span style=\"font-weight: 400;\">junto al movimiento de Derechos Humanos durante los a\u00f1os \u201990 en la Argentina, hasta sus \u00faltimas intervenciones relacionadas a la lucha contra el modelo neo-extractivista y la explotaci\u00f3n de los recursos naturales. Posteriormente, y a partir del intercambio colectivo de saberes, experiencias y aportes de quienes participaron, se analizaron diferentes estrategias de intervenci\u00f3n art\u00edstica vinculadas a la participaci\u00f3n, colaboraci\u00f3n, intervenci\u00f3n e infiltraci\u00f3n.<\/span><\/p>\r\n<p><span style=\"font-weight: 400;\"><strong>Colectivo Etc\u00e9tera\u2026,<\/strong> formado en 1997 en Buenos Aires,\u00a0Etc\u00e9tera\u2026\u00a0es un colectivo multidisciplinario de artistas de la poes\u00eda, las artes visuales y el teatro. El grupo se funda con el objetivo de llevar el arte a los lugares de conflicto social inmediato \u2013las calles\u2014 y de llevar dicho conflicto social a los \u00e1mbitos de producci\u00f3n cultural, incluyendo los medios y las instituciones de arte. Actualmente Loreto Gar\u00edn Guzm\u00e1n (Chile) y Federico Zukerfeld (Argentina), cofundadores del colectivo, contin\u00faan coordinando el archivo, exposiciones, actividades educativas y otras iniciativas.<\/span><\/p>\r\n\r\n\r\n\r\n<p><strong>Fecha:<\/strong>\u00a014 y 15 Julio 2021<br \/><strong>Horario:\u00a0<\/strong>11:00 a 12:30 horas (GTM-4)<\/p>\r\n\r\n\r\n\r\n<p>&nbsp;<\/p>\r\n<div style=\"padding: 45.53% 0 0 0; position: relative;\"><iframe style=\"position: absolute; top: 0; left: 0; width: 100%; height: 100%;\" title=\"[TALLER] No Work, No Shop\" src=\"https:\/\/player.vimeo.com\/video\/675934513?h=97a02a8ec7&amp;badge=0&amp;autopause=0&amp;player_id=0&amp;app_id=58479\" frameborder=\"0\" allowfullscreen=\"allowfullscreen\" data-mce-fragment=\"1\"><\/iframe><\/div>\r\n<p><a href=\"http:\/\/div%20style=padding:45.53%%200%200%200;position:relative;iframe%20src=https:\/\/player.vimeo.com\/video\/675934513?h=97a02a8ec7&amp;badge=0&amp;autopause=0&amp;player_id=0&amp;app_id=58479%20frameborder=0%20allow=autoplay;%20fullscreen;%20picture-in-picture%20allowfullscreen%20style=position:absolute;top:0;left:0;width:100%;height:100%;%20title=%5BTALLER%5D%20No%20Work,%20No%20Shop\/iframe\/divscript%20src=https:\/\/player.vimeo.com\/api\/player.js\/script\"><script src=\"https:\/\/player.vimeo.com\/api\/player.js\"><\/script><\/a><\/p>\r\n<p>&nbsp;<\/p>\r\n\r\n\r\n\r\n<p>&nbsp;<\/p>\r\n\r\n<p>&nbsp;<\/p>","protected":false},"excerpt":{"rendered":"<p>No work, No shop: hablar y actuar en tiempos de crisis se presenta como un espacio abierto para el desarrollo no consumista de la experiencia art\u00edstica, con la intenci\u00f3n de profundizar sobre las pr\u00e1cticas de creaci\u00f3n y acci\u00f3n colectiva, a partir de la b\u00fasqueda e intereses personales de quienes participaron del taller\/residencia, donde se analizaron [&hellip;]<\/p>\n","protected":false},"author":2,"featured_media":636,"comment_status":"open","ping_status":"open","sticky":false,"template":"","format":"standard","meta":{"_acf_changed":false,"footnotes":""},"categories":[3],"tags":[],"class_list":["post-74","post","type-post","status-publish","format-standard","has-post-thumbnail","hentry","category-talleres-residencias"],"acf":[],"_links":{"self":[{"href":"https:\/\/parquecultural.cl\/hablaryactuar\/wp-json\/wp\/v2\/posts\/74","targetHints":{"allow":["GET"]}}],"collection":[{"href":"https:\/\/parquecultural.cl\/hablaryactuar\/wp-json\/wp\/v2\/posts"}],"about":[{"href":"https:\/\/parquecultural.cl\/hablaryactuar\/wp-json\/wp\/v2\/types\/post"}],"author":[{"embeddable":true,"href":"https:\/\/parquecultural.cl\/hablaryactuar\/wp-json\/wp\/v2\/users\/2"}],"replies":[{"embeddable":true,"href":"https:\/\/parquecultural.cl\/hablaryactuar\/wp-json\/wp\/v2\/comments?post=74"}],"version-history":[{"count":12,"href":"https:\/\/parquecultural.cl\/hablaryactuar\/wp-json\/wp\/v2\/posts\/74\/revisions"}],"predecessor-version":[{"id":1119,"href":"https:\/\/parquecultural.cl\/hablaryactuar\/wp-json\/wp\/v2\/posts\/74\/revisions\/1119"}],"wp:featuredmedia":[{"embeddable":true,"href":"https:\/\/parquecultural.cl\/hablaryactuar\/wp-json\/wp\/v2\/media\/636"}],"wp:attachment":[{"href":"https:\/\/parquecultural.cl\/hablaryactuar\/wp-json\/wp\/v2\/media?parent=74"}],"wp:term":[{"taxonomy":"category","embeddable":true,"href":"https:\/\/parquecultural.cl\/hablaryactuar\/wp-json\/wp\/v2\/categories?post=74"},{"taxonomy":"post_tag","embeddable":true,"href":"https:\/\/parquecultural.cl\/hablaryactuar\/wp-json\/wp\/v2\/tags?post=74"}],"curies":[{"name":"wp","href":"https:\/\/api.w.org\/{rel}","templated":true}]}}