{"id":534,"date":"2021-10-25T11:22:04","date_gmt":"2021-10-25T15:22:04","guid":{"rendered":"https:\/\/parquecultural.cl\/hablaryactuar\/?p=534"},"modified":"2022-03-09T13:25:36","modified_gmt":"2022-03-09T17:25:36","slug":"ecosofia","status":"publish","type":"post","link":"https:\/\/parquecultural.cl\/hablaryactuar\/ecosofia\/","title":{"rendered":"Cl\u00ednica del Diario Vivir y Transversalidades: interrogantes y pistas de trabajo"},"content":{"rendered":"<p><i><strong>Cl\u00ednica del diario vivir y transversalidades<\/strong>\u00a0<\/i>contempl\u00f3 una serie de talleres y encuentros realizados por Miguel D. Norambuena (consultor psicosocial) y Paulina E. Varas (investigadora en arte) con diversos participantes de la regi\u00f3n de Valpara\u00edso, donde se discutieron herramientas y pistas de trabajo para abordar el rol de las representaciones sociales y culturales, que cambian y se mueven en funci\u00f3n del momento hist\u00f3rico sico-socio cultural que estamos pasando. Donde se preguntaron por las formas en que el poder y el contrapoder acceden a esas representaciones que afectan los lazos sociales y sus fragilidades. Indagando en algunas nociones comunes hacia una Ecosof\u00eda de los grupos. En las actividades participaron personas que trabajan en \u00e1reas como la salud mental, las artes, ecolog\u00eda, filosof\u00eda, estudiantes de humanidades o ciencias sociales, personas vinculadas a organizaciones y comunidades territoriales.<\/p>\n<p><b>Miguel D. Norambuena.<\/b>\u00a0Estudi\u00f3 psicolog\u00eda social en Par\u00eds (EHESS), tradujo en 1989 textos de F\u00e9lix Guattari con quien trabaj\u00f3 por m\u00e1s de 7 a\u00f1os. Los textos fueron publicados en los libros \u00abCartograf\u00edas del deseo\u00bb (F. Zegers, Chile) y en Plan sobre el planeta (TdS, Madrid). En 1991 realizaron con F\u00e9lix Guattari un viaje a Chile que se recogi\u00f3 despu\u00e9s\u00a0en un libro. Fue antiguo director del espacio Racard y Dracar en Ginebra Suiza. Ha publicado diversos libros sobre su propuesta cl\u00ednica y ha expuesto trabajos de arte en Suiza y Mosc\u00fa.<\/p>\n<p>&nbsp;<\/p>\n<div style=\"padding: 56.25% 0 0 0; position: relative;\"><iframe style=\"position: absolute; top: 0; left: 0; width: 100%; height: 100%;\" title=\"VIDEO PARQUE_1\" src=\"https:\/\/player.vimeo.com\/video\/675961227?h=e8b4147711&amp;badge=0&amp;autopause=0&amp;player_id=0&amp;app_id=58479\" frameborder=\"0\" allowfullscreen=\"allowfullscreen\" data-mce-fragment=\"1\"><\/iframe><\/div>\n<p><strong>Taller 1 \u2013 Parque Cultural de Valpara\u00edso <\/strong>13 y 14 noviembre 2021 \/ 10:00 a 13:00 horas + 15:00 a 17:00<\/p>\n<div id='gallery-1' class='gallery galleryid-534 gallery-columns-4 gallery-size-thumbnail'><figure class='gallery-item'>\n\t\t\t<div class='gallery-icon landscape'>\n\t\t\t\t<a href='https:\/\/parquecultural.cl\/hablaryactuar\/img_6958\/'><img loading=\"lazy\" decoding=\"async\" width=\"150\" height=\"150\" src=\"https:\/\/parquecultural.cl\/hablaryactuar\/wp-content\/uploads\/2022\/01\/IMG_6958-150x150.jpg\" class=\"attachment-thumbnail size-thumbnail\" alt=\"\" \/><\/a>\n\t\t\t<\/div><\/figure><figure class='gallery-item'>\n\t\t\t<div class='gallery-icon landscape'>\n\t\t\t\t<a href='https:\/\/parquecultural.cl\/hablaryactuar\/img_6957\/'><img loading=\"lazy\" decoding=\"async\" width=\"150\" height=\"150\" src=\"https:\/\/parquecultural.cl\/hablaryactuar\/wp-content\/uploads\/2022\/01\/IMG_6957-150x150.jpg\" class=\"attachment-thumbnail size-thumbnail\" alt=\"\" \/><\/a>\n\t\t\t<\/div><\/figure><figure class='gallery-item'>\n\t\t\t<div class='gallery-icon portrait'>\n\t\t\t\t<a href='https:\/\/parquecultural.cl\/hablaryactuar\/ecosofia\/img_8942\/'><img loading=\"lazy\" decoding=\"async\" width=\"150\" height=\"150\" src=\"https:\/\/parquecultural.cl\/hablaryactuar\/wp-content\/uploads\/2021\/10\/IMG_8942-150x150.jpg\" class=\"attachment-thumbnail size-thumbnail\" alt=\"\" \/><\/a>\n\t\t\t<\/div><\/figure><figure class='gallery-item'>\n\t\t\t<div class='gallery-icon landscape'>\n\t\t\t\t<a href='https:\/\/parquecultural.cl\/hablaryactuar\/ecosofia\/img_8939\/'><img loading=\"lazy\" decoding=\"async\" width=\"150\" height=\"150\" src=\"https:\/\/parquecultural.cl\/hablaryactuar\/wp-content\/uploads\/2021\/10\/IMG_8939-150x150.jpg\" class=\"attachment-thumbnail size-thumbnail\" alt=\"\" \/><\/a>\n\t\t\t<\/div><\/figure><figure class='gallery-item'>\n\t\t\t<div class='gallery-icon landscape'>\n\t\t\t\t<a href='https:\/\/parquecultural.cl\/hablaryactuar\/ecosofia\/img_8940\/'><img loading=\"lazy\" decoding=\"async\" width=\"150\" height=\"150\" src=\"https:\/\/parquecultural.cl\/hablaryactuar\/wp-content\/uploads\/2021\/10\/IMG_8940-150x150.jpg\" class=\"attachment-thumbnail size-thumbnail\" alt=\"\" \/><\/a>\n\t\t\t<\/div><\/figure><figure class='gallery-item'>\n\t\t\t<div class='gallery-icon landscape'>\n\t\t\t\t<a href='https:\/\/parquecultural.cl\/hablaryactuar\/ecosofia\/img_8938\/'><img loading=\"lazy\" decoding=\"async\" width=\"150\" height=\"150\" src=\"https:\/\/parquecultural.cl\/hablaryactuar\/wp-content\/uploads\/2021\/10\/IMG_8938-150x150.jpg\" class=\"attachment-thumbnail size-thumbnail\" alt=\"\" \/><\/a>\n\t\t\t<\/div><\/figure><figure class='gallery-item'>\n\t\t\t<div class='gallery-icon landscape'>\n\t\t\t\t<a href='https:\/\/parquecultural.cl\/hablaryactuar\/ecosofia\/img_8935\/'><img loading=\"lazy\" decoding=\"async\" width=\"150\" height=\"150\" src=\"https:\/\/parquecultural.cl\/hablaryactuar\/wp-content\/uploads\/2021\/10\/IMG_8935-150x150.jpg\" class=\"attachment-thumbnail size-thumbnail\" alt=\"\" \/><\/a>\n\t\t\t<\/div><\/figure><figure class='gallery-item'>\n\t\t\t<div class='gallery-icon portrait'>\n\t\t\t\t<a href='https:\/\/parquecultural.cl\/hablaryactuar\/ecosofia\/img_8934\/'><img loading=\"lazy\" decoding=\"async\" width=\"150\" height=\"150\" src=\"https:\/\/parquecultural.cl\/hablaryactuar\/wp-content\/uploads\/2021\/10\/IMG_8934-150x150.jpg\" class=\"attachment-thumbnail size-thumbnail\" alt=\"\" \/><\/a>\n\t\t\t<\/div><\/figure><figure class='gallery-item'>\n\t\t\t<div class='gallery-icon landscape'>\n\t\t\t\t<a href='https:\/\/parquecultural.cl\/hablaryactuar\/ecosofia\/img_8933\/'><img loading=\"lazy\" decoding=\"async\" width=\"150\" height=\"150\" src=\"https:\/\/parquecultural.cl\/hablaryactuar\/wp-content\/uploads\/2021\/10\/IMG_8933-150x150.jpg\" class=\"attachment-thumbnail size-thumbnail\" alt=\"\" \/><\/a>\n\t\t\t<\/div><\/figure><figure class='gallery-item'>\n\t\t\t<div class='gallery-icon portrait'>\n\t\t\t\t<a href='https:\/\/parquecultural.cl\/hablaryactuar\/ecosofia\/img_8931\/'><img loading=\"lazy\" decoding=\"async\" width=\"150\" height=\"150\" src=\"https:\/\/parquecultural.cl\/hablaryactuar\/wp-content\/uploads\/2021\/10\/IMG_8931-150x150.jpg\" class=\"attachment-thumbnail size-thumbnail\" alt=\"\" \/><\/a>\n\t\t\t<\/div><\/figure><figure class='gallery-item'>\n\t\t\t<div class='gallery-icon portrait'>\n\t\t\t\t<a href='https:\/\/parquecultural.cl\/hablaryactuar\/ecosofia\/img_8932\/'><img loading=\"lazy\" decoding=\"async\" width=\"150\" height=\"150\" src=\"https:\/\/parquecultural.cl\/hablaryactuar\/wp-content\/uploads\/2021\/10\/IMG_8932-150x150.jpg\" class=\"attachment-thumbnail size-thumbnail\" alt=\"\" \/><\/a>\n\t\t\t<\/div><\/figure><figure class='gallery-item'>\n\t\t\t<div class='gallery-icon portrait'>\n\t\t\t\t<a href='https:\/\/parquecultural.cl\/hablaryactuar\/ecosofia\/img_8930\/'><img loading=\"lazy\" decoding=\"async\" width=\"150\" height=\"150\" src=\"https:\/\/parquecultural.cl\/hablaryactuar\/wp-content\/uploads\/2021\/10\/IMG_8930-150x150.jpg\" class=\"attachment-thumbnail size-thumbnail\" alt=\"\" \/><\/a>\n\t\t\t<\/div><\/figure><figure class='gallery-item'>\n\t\t\t<div class='gallery-icon landscape'>\n\t\t\t\t<a href='https:\/\/parquecultural.cl\/hablaryactuar\/ecosofia\/img_8929\/'><img loading=\"lazy\" decoding=\"async\" width=\"150\" height=\"150\" src=\"https:\/\/parquecultural.cl\/hablaryactuar\/wp-content\/uploads\/2021\/10\/IMG_8929-150x150.jpg\" class=\"attachment-thumbnail size-thumbnail\" alt=\"\" \/><\/a>\n\t\t\t<\/div><\/figure><figure class='gallery-item'>\n\t\t\t<div class='gallery-icon landscape'>\n\t\t\t\t<a href='https:\/\/parquecultural.cl\/hablaryactuar\/ecosofia\/img_8928\/'><img loading=\"lazy\" decoding=\"async\" width=\"150\" height=\"150\" src=\"https:\/\/parquecultural.cl\/hablaryactuar\/wp-content\/uploads\/2021\/10\/IMG_8928-150x150.jpg\" class=\"attachment-thumbnail size-thumbnail\" alt=\"\" \/><\/a>\n\t\t\t<\/div><\/figure><figure class='gallery-item'>\n\t\t\t<div class='gallery-icon portrait'>\n\t\t\t\t<a href='https:\/\/parquecultural.cl\/hablaryactuar\/ecosofia\/img_8924\/'><img loading=\"lazy\" decoding=\"async\" width=\"150\" height=\"150\" src=\"https:\/\/parquecultural.cl\/hablaryactuar\/wp-content\/uploads\/2021\/10\/IMG_8924-150x150.jpg\" class=\"attachment-thumbnail size-thumbnail\" alt=\"\" \/><\/a>\n\t\t\t<\/div><\/figure><figure class='gallery-item'>\n\t\t\t<div class='gallery-icon landscape'>\n\t\t\t\t<a href='https:\/\/parquecultural.cl\/hablaryactuar\/ecosofia\/img_8925\/'><img loading=\"lazy\" decoding=\"async\" width=\"150\" height=\"150\" src=\"https:\/\/parquecultural.cl\/hablaryactuar\/wp-content\/uploads\/2021\/10\/IMG_8925-150x150.jpg\" class=\"attachment-thumbnail size-thumbnail\" alt=\"\" \/><\/a>\n\t\t\t<\/div><\/figure><figure class='gallery-item'>\n\t\t\t<div class='gallery-icon portrait'>\n\t\t\t\t<a href='https:\/\/parquecultural.cl\/hablaryactuar\/ecosofia\/img_8922\/'><img loading=\"lazy\" decoding=\"async\" width=\"150\" height=\"150\" src=\"https:\/\/parquecultural.cl\/hablaryactuar\/wp-content\/uploads\/2021\/10\/IMG_8922-150x150.jpg\" class=\"attachment-thumbnail size-thumbnail\" alt=\"\" \/><\/a>\n\t\t\t<\/div><\/figure><figure class='gallery-item'>\n\t\t\t<div class='gallery-icon portrait'>\n\t\t\t\t<a href='https:\/\/parquecultural.cl\/hablaryactuar\/ecosofia\/img_8921\/'><img loading=\"lazy\" decoding=\"async\" width=\"150\" height=\"150\" src=\"https:\/\/parquecultural.cl\/hablaryactuar\/wp-content\/uploads\/2021\/10\/IMG_8921-150x150.jpg\" class=\"attachment-thumbnail size-thumbnail\" alt=\"\" \/><\/a>\n\t\t\t<\/div><\/figure><figure class='gallery-item'>\n\t\t\t<div class='gallery-icon portrait'>\n\t\t\t\t<a href='https:\/\/parquecultural.cl\/hablaryactuar\/ecosofia\/img_8920\/'><img loading=\"lazy\" decoding=\"async\" width=\"150\" height=\"150\" src=\"https:\/\/parquecultural.cl\/hablaryactuar\/wp-content\/uploads\/2021\/10\/IMG_8920-150x150.jpg\" class=\"attachment-thumbnail size-thumbnail\" alt=\"\" \/><\/a>\n\t\t\t<\/div><\/figure><figure class='gallery-item'>\n\t\t\t<div class='gallery-icon landscape'>\n\t\t\t\t<a href='https:\/\/parquecultural.cl\/hablaryactuar\/ecosofia\/img_0342\/'><img loading=\"lazy\" decoding=\"async\" width=\"150\" height=\"150\" src=\"https:\/\/parquecultural.cl\/hablaryactuar\/wp-content\/uploads\/2021\/10\/IMG_0342-150x150.jpg\" class=\"attachment-thumbnail size-thumbnail\" alt=\"\" \/><\/a>\n\t\t\t<\/div><\/figure><figure class='gallery-item'>\n\t\t\t<div class='gallery-icon landscape'>\n\t\t\t\t<a href='https:\/\/parquecultural.cl\/hablaryactuar\/ecosofia\/img_0337\/'><img loading=\"lazy\" decoding=\"async\" width=\"150\" height=\"150\" src=\"https:\/\/parquecultural.cl\/hablaryactuar\/wp-content\/uploads\/2021\/10\/IMG_0337-150x150.jpg\" class=\"attachment-thumbnail size-thumbnail\" alt=\"\" \/><\/a>\n\t\t\t<\/div><\/figure><figure class='gallery-item'>\n\t\t\t<div class='gallery-icon landscape'>\n\t\t\t\t<a href='https:\/\/parquecultural.cl\/hablaryactuar\/ecosofia\/img_0341\/'><img loading=\"lazy\" decoding=\"async\" width=\"150\" height=\"150\" src=\"https:\/\/parquecultural.cl\/hablaryactuar\/wp-content\/uploads\/2021\/10\/IMG_0341-150x150.jpg\" class=\"attachment-thumbnail size-thumbnail\" alt=\"\" \/><\/a>\n\t\t\t<\/div><\/figure><figure class='gallery-item'>\n\t\t\t<div class='gallery-icon landscape'>\n\t\t\t\t<a href='https:\/\/parquecultural.cl\/hablaryactuar\/ecosofia\/img_0335\/'><img loading=\"lazy\" decoding=\"async\" width=\"150\" height=\"150\" src=\"https:\/\/parquecultural.cl\/hablaryactuar\/wp-content\/uploads\/2021\/10\/IMG_0335-150x150.jpg\" class=\"attachment-thumbnail size-thumbnail\" alt=\"\" \/><\/a>\n\t\t\t<\/div><\/figure><figure class='gallery-item'>\n\t\t\t<div class='gallery-icon landscape'>\n\t\t\t\t<a href='https:\/\/parquecultural.cl\/hablaryactuar\/ecosofia\/img_0331\/'><img loading=\"lazy\" decoding=\"async\" width=\"150\" height=\"150\" src=\"https:\/\/parquecultural.cl\/hablaryactuar\/wp-content\/uploads\/2021\/10\/IMG_0331-150x150.jpg\" class=\"attachment-thumbnail size-thumbnail\" alt=\"\" \/><\/a>\n\t\t\t<\/div><\/figure>\n\t\t<\/div>\n\n<p>&nbsp;<\/p>\n<div style=\"padding: 56.25% 0 0 0; position: relative;\"><iframe style=\"position: absolute; top: 0; left: 0; width: 100%; height: 100%;\" title=\"[TALLER] Cli\u0301nicas del Diario Vivir_Hospital del Salvador\" src=\"https:\/\/player.vimeo.com\/video\/686363262?h=a70b6ed295&amp;badge=0&amp;autopause=0&amp;player_id=0&amp;app_id=58479\" frameborder=\"0\" allowfullscreen=\"allowfullscreen\" data-mce-fragment=\"1\"><\/iframe><\/div>\n<p><a href=\"http:\/\/div%20style=padding:56.25%%200%200%200;position:relative;iframe%20src=https:\/\/player.vimeo.com\/video\/686363262?h=a70b6ed295&amp;badge=0&amp;autopause=0&amp;player_id=0&amp;app_id=58479%20frameborder=0%20allow=autoplay;%20fullscreen;%20picture-in-picture%20allowfullscreen%20style=position:absolute;top:0;left:0;width:100%;height:100%;%20title=%5BTALLER%5D%20Cli\u0301nicas%20del%20Diario%20Vivir_Hospital%20del%20Salvador\/iframe\/divscript%20src=https:\/\/player.vimeo.com\/api\/player.js\/script\"><script src=\"https:\/\/player.vimeo.com\/api\/player.js\"><\/script><\/a><\/p>\n<p><strong>Taller 2 \u2013 Trabajadoras Hospital Del Salvador<\/strong> 11 y 18 de noviembre \/ 09:00 A 10:30 horas<\/p>\n<div id='gallery-2' class='gallery galleryid-534 gallery-columns-3 gallery-size-medium'><figure class='gallery-item'>\n\t\t\t<div class='gallery-icon landscape'>\n\t\t\t\t<a href='https:\/\/parquecultural.cl\/hablaryactuar\/ecosofia\/captura-de-pantalla-2022-01-06-a-las-23-07-43\/'><img loading=\"lazy\" decoding=\"async\" width=\"300\" height=\"188\" src=\"https:\/\/parquecultural.cl\/hablaryactuar\/wp-content\/uploads\/2021\/10\/Captura-de-Pantalla-2022-01-06-a-las-23.07.43-300x188.png\" class=\"attachment-medium size-medium\" alt=\"\" srcset=\"https:\/\/parquecultural.cl\/hablaryactuar\/wp-content\/uploads\/2021\/10\/Captura-de-Pantalla-2022-01-06-a-las-23.07.43-300x188.png 300w, https:\/\/parquecultural.cl\/hablaryactuar\/wp-content\/uploads\/2021\/10\/Captura-de-Pantalla-2022-01-06-a-las-23.07.43-1024x640.png 1024w, https:\/\/parquecultural.cl\/hablaryactuar\/wp-content\/uploads\/2021\/10\/Captura-de-Pantalla-2022-01-06-a-las-23.07.43-768x480.png 768w, https:\/\/parquecultural.cl\/hablaryactuar\/wp-content\/uploads\/2021\/10\/Captura-de-Pantalla-2022-01-06-a-las-23.07.43-1536x960.png 1536w, https:\/\/parquecultural.cl\/hablaryactuar\/wp-content\/uploads\/2021\/10\/Captura-de-Pantalla-2022-01-06-a-las-23.07.43-2048x1280.png 2048w\" sizes=\"auto, (max-width: 300px) 100vw, 300px\" \/><\/a>\n\t\t\t<\/div><\/figure><figure class='gallery-item'>\n\t\t\t<div class='gallery-icon landscape'>\n\t\t\t\t<a href='https:\/\/parquecultural.cl\/hablaryactuar\/ecosofia\/captura-de-pantalla-2022-01-06-a-las-23-08-09\/'><img loading=\"lazy\" decoding=\"async\" width=\"300\" height=\"188\" src=\"https:\/\/parquecultural.cl\/hablaryactuar\/wp-content\/uploads\/2021\/10\/Captura-de-Pantalla-2022-01-06-a-las-23.08.09-300x188.png\" class=\"attachment-medium size-medium\" alt=\"\" srcset=\"https:\/\/parquecultural.cl\/hablaryactuar\/wp-content\/uploads\/2021\/10\/Captura-de-Pantalla-2022-01-06-a-las-23.08.09-300x188.png 300w, https:\/\/parquecultural.cl\/hablaryactuar\/wp-content\/uploads\/2021\/10\/Captura-de-Pantalla-2022-01-06-a-las-23.08.09-1024x640.png 1024w, https:\/\/parquecultural.cl\/hablaryactuar\/wp-content\/uploads\/2021\/10\/Captura-de-Pantalla-2022-01-06-a-las-23.08.09-768x480.png 768w, https:\/\/parquecultural.cl\/hablaryactuar\/wp-content\/uploads\/2021\/10\/Captura-de-Pantalla-2022-01-06-a-las-23.08.09-1536x960.png 1536w, https:\/\/parquecultural.cl\/hablaryactuar\/wp-content\/uploads\/2021\/10\/Captura-de-Pantalla-2022-01-06-a-las-23.08.09-2048x1280.png 2048w\" sizes=\"auto, (max-width: 300px) 100vw, 300px\" \/><\/a>\n\t\t\t<\/div><\/figure><figure class='gallery-item'>\n\t\t\t<div class='gallery-icon landscape'>\n\t\t\t\t<a href='https:\/\/parquecultural.cl\/hablaryactuar\/ecosofia\/captura-de-pantalla-2022-01-06-a-las-23-07-35\/'><img loading=\"lazy\" decoding=\"async\" width=\"300\" height=\"188\" src=\"https:\/\/parquecultural.cl\/hablaryactuar\/wp-content\/uploads\/2021\/10\/Captura-de-Pantalla-2022-01-06-a-las-23.07.35-300x188.png\" class=\"attachment-medium size-medium\" alt=\"\" srcset=\"https:\/\/parquecultural.cl\/hablaryactuar\/wp-content\/uploads\/2021\/10\/Captura-de-Pantalla-2022-01-06-a-las-23.07.35-300x188.png 300w, https:\/\/parquecultural.cl\/hablaryactuar\/wp-content\/uploads\/2021\/10\/Captura-de-Pantalla-2022-01-06-a-las-23.07.35-1024x640.png 1024w, https:\/\/parquecultural.cl\/hablaryactuar\/wp-content\/uploads\/2021\/10\/Captura-de-Pantalla-2022-01-06-a-las-23.07.35-768x480.png 768w, https:\/\/parquecultural.cl\/hablaryactuar\/wp-content\/uploads\/2021\/10\/Captura-de-Pantalla-2022-01-06-a-las-23.07.35-1536x960.png 1536w, https:\/\/parquecultural.cl\/hablaryactuar\/wp-content\/uploads\/2021\/10\/Captura-de-Pantalla-2022-01-06-a-las-23.07.35-2048x1280.png 2048w\" sizes=\"auto, (max-width: 300px) 100vw, 300px\" \/><\/a>\n\t\t\t<\/div><\/figure>\n\t\t<\/div>\n\n<p><strong>Taller 3 \u2013 Usuarios\/as Hospital Del Salvador<\/strong> 11 y 18 de noviembre \/ 10:30 a 13 horas.<\/p>\n<div id='gallery-3' class='gallery galleryid-534 gallery-columns-3 gallery-size-medium'><figure class='gallery-item'>\n\t\t\t<div class='gallery-icon landscape'>\n\t\t\t\t<a href='https:\/\/parquecultural.cl\/hablaryactuar\/ecosofia\/img_0327\/'><img loading=\"lazy\" decoding=\"async\" width=\"300\" height=\"200\" src=\"https:\/\/parquecultural.cl\/hablaryactuar\/wp-content\/uploads\/2021\/10\/IMG_0327-300x200.jpg\" class=\"attachment-medium size-medium\" alt=\"\" srcset=\"https:\/\/parquecultural.cl\/hablaryactuar\/wp-content\/uploads\/2021\/10\/IMG_0327-300x200.jpg 300w, https:\/\/parquecultural.cl\/hablaryactuar\/wp-content\/uploads\/2021\/10\/IMG_0327-1024x683.jpg 1024w, https:\/\/parquecultural.cl\/hablaryactuar\/wp-content\/uploads\/2021\/10\/IMG_0327-768x512.jpg 768w, https:\/\/parquecultural.cl\/hablaryactuar\/wp-content\/uploads\/2021\/10\/IMG_0327-1536x1024.jpg 1536w, https:\/\/parquecultural.cl\/hablaryactuar\/wp-content\/uploads\/2021\/10\/IMG_0327-2048x1365.jpg 2048w\" sizes=\"auto, (max-width: 300px) 100vw, 300px\" \/><\/a>\n\t\t\t<\/div><\/figure><figure class='gallery-item'>\n\t\t\t<div class='gallery-icon landscape'>\n\t\t\t\t<a href='https:\/\/parquecultural.cl\/hablaryactuar\/ecosofia\/img_0318\/'><img loading=\"lazy\" decoding=\"async\" width=\"300\" height=\"200\" src=\"https:\/\/parquecultural.cl\/hablaryactuar\/wp-content\/uploads\/2021\/10\/IMG_0318-300x200.jpg\" class=\"attachment-medium size-medium\" alt=\"\" srcset=\"https:\/\/parquecultural.cl\/hablaryactuar\/wp-content\/uploads\/2021\/10\/IMG_0318-300x200.jpg 300w, https:\/\/parquecultural.cl\/hablaryactuar\/wp-content\/uploads\/2021\/10\/IMG_0318-1024x683.jpg 1024w, https:\/\/parquecultural.cl\/hablaryactuar\/wp-content\/uploads\/2021\/10\/IMG_0318-768x512.jpg 768w, https:\/\/parquecultural.cl\/hablaryactuar\/wp-content\/uploads\/2021\/10\/IMG_0318-1536x1024.jpg 1536w, https:\/\/parquecultural.cl\/hablaryactuar\/wp-content\/uploads\/2021\/10\/IMG_0318-2048x1365.jpg 2048w\" sizes=\"auto, (max-width: 300px) 100vw, 300px\" \/><\/a>\n\t\t\t<\/div><\/figure><figure class='gallery-item'>\n\t\t\t<div class='gallery-icon landscape'>\n\t\t\t\t<a href='https:\/\/parquecultural.cl\/hablaryactuar\/ecosofia\/img_0317\/'><img loading=\"lazy\" decoding=\"async\" width=\"300\" height=\"200\" src=\"https:\/\/parquecultural.cl\/hablaryactuar\/wp-content\/uploads\/2021\/10\/IMG_0317-300x200.jpg\" class=\"attachment-medium size-medium\" alt=\"\" srcset=\"https:\/\/parquecultural.cl\/hablaryactuar\/wp-content\/uploads\/2021\/10\/IMG_0317-300x200.jpg 300w, https:\/\/parquecultural.cl\/hablaryactuar\/wp-content\/uploads\/2021\/10\/IMG_0317-1024x683.jpg 1024w, https:\/\/parquecultural.cl\/hablaryactuar\/wp-content\/uploads\/2021\/10\/IMG_0317-768x512.jpg 768w, https:\/\/parquecultural.cl\/hablaryactuar\/wp-content\/uploads\/2021\/10\/IMG_0317-1536x1024.jpg 1536w, https:\/\/parquecultural.cl\/hablaryactuar\/wp-content\/uploads\/2021\/10\/IMG_0317-2048x1365.jpg 2048w\" sizes=\"auto, (max-width: 300px) 100vw, 300px\" \/><\/a>\n\t\t\t<\/div><\/figure><figure class='gallery-item'>\n\t\t\t<div class='gallery-icon landscape'>\n\t\t\t\t<a href='https:\/\/parquecultural.cl\/hablaryactuar\/ecosofia\/img_0299\/'><img loading=\"lazy\" decoding=\"async\" width=\"300\" height=\"169\" src=\"https:\/\/parquecultural.cl\/hablaryactuar\/wp-content\/uploads\/2021\/10\/IMG_0299-300x169.jpg\" class=\"attachment-medium size-medium\" alt=\"\" srcset=\"https:\/\/parquecultural.cl\/hablaryactuar\/wp-content\/uploads\/2021\/10\/IMG_0299-300x169.jpg 300w, https:\/\/parquecultural.cl\/hablaryactuar\/wp-content\/uploads\/2021\/10\/IMG_0299-1024x576.jpg 1024w, https:\/\/parquecultural.cl\/hablaryactuar\/wp-content\/uploads\/2021\/10\/IMG_0299-768x432.jpg 768w, https:\/\/parquecultural.cl\/hablaryactuar\/wp-content\/uploads\/2021\/10\/IMG_0299-1536x864.jpg 1536w, https:\/\/parquecultural.cl\/hablaryactuar\/wp-content\/uploads\/2021\/10\/IMG_0299-2048x1152.jpg 2048w\" sizes=\"auto, (max-width: 300px) 100vw, 300px\" \/><\/a>\n\t\t\t<\/div><\/figure><figure class='gallery-item'>\n\t\t\t<div class='gallery-icon landscape'>\n\t\t\t\t<a href='https:\/\/parquecultural.cl\/hablaryactuar\/ecosofia\/img_0297\/'><img loading=\"lazy\" decoding=\"async\" width=\"300\" height=\"169\" src=\"https:\/\/parquecultural.cl\/hablaryactuar\/wp-content\/uploads\/2021\/10\/IMG_0297-300x169.jpg\" class=\"attachment-medium size-medium\" alt=\"\" srcset=\"https:\/\/parquecultural.cl\/hablaryactuar\/wp-content\/uploads\/2021\/10\/IMG_0297-300x169.jpg 300w, https:\/\/parquecultural.cl\/hablaryactuar\/wp-content\/uploads\/2021\/10\/IMG_0297-1024x576.jpg 1024w, https:\/\/parquecultural.cl\/hablaryactuar\/wp-content\/uploads\/2021\/10\/IMG_0297-768x432.jpg 768w, https:\/\/parquecultural.cl\/hablaryactuar\/wp-content\/uploads\/2021\/10\/IMG_0297-1536x864.jpg 1536w, https:\/\/parquecultural.cl\/hablaryactuar\/wp-content\/uploads\/2021\/10\/IMG_0297-2048x1152.jpg 2048w\" sizes=\"auto, (max-width: 300px) 100vw, 300px\" \/><\/a>\n\t\t\t<\/div><\/figure><figure class='gallery-item'>\n\t\t\t<div class='gallery-icon landscape'>\n\t\t\t\t<a href='https:\/\/parquecultural.cl\/hablaryactuar\/ecosofia\/img_0295\/'><img loading=\"lazy\" decoding=\"async\" width=\"300\" height=\"169\" src=\"https:\/\/parquecultural.cl\/hablaryactuar\/wp-content\/uploads\/2021\/10\/IMG_0295-300x169.jpg\" class=\"attachment-medium size-medium\" alt=\"\" srcset=\"https:\/\/parquecultural.cl\/hablaryactuar\/wp-content\/uploads\/2021\/10\/IMG_0295-300x169.jpg 300w, https:\/\/parquecultural.cl\/hablaryactuar\/wp-content\/uploads\/2021\/10\/IMG_0295-1024x576.jpg 1024w, https:\/\/parquecultural.cl\/hablaryactuar\/wp-content\/uploads\/2021\/10\/IMG_0295-768x432.jpg 768w, https:\/\/parquecultural.cl\/hablaryactuar\/wp-content\/uploads\/2021\/10\/IMG_0295-1536x864.jpg 1536w, https:\/\/parquecultural.cl\/hablaryactuar\/wp-content\/uploads\/2021\/10\/IMG_0295-2048x1152.jpg 2048w\" sizes=\"auto, (max-width: 300px) 100vw, 300px\" \/><\/a>\n\t\t\t<\/div><\/figure>\n\t\t<\/div>\n\n<p><strong>Encuentro 1 &#8211; Espacio Cultural La Finca Valpara\u00edso<\/strong> 15 noviembre \/ 16 horas.<\/p>\n<div id='gallery-4' class='gallery galleryid-534 gallery-columns-3 gallery-size-medium'><figure class='gallery-item'>\n\t\t\t<div class='gallery-icon landscape'>\n\t\t\t\t<a href='https:\/\/parquecultural.cl\/hablaryactuar\/ecosofia\/la-finca-1-2\/'><img loading=\"lazy\" decoding=\"async\" width=\"300\" height=\"225\" src=\"https:\/\/parquecultural.cl\/hablaryactuar\/wp-content\/uploads\/2021\/10\/La-Finca-1-300x225.jpg\" class=\"attachment-medium size-medium\" alt=\"\" srcset=\"https:\/\/parquecultural.cl\/hablaryactuar\/wp-content\/uploads\/2021\/10\/La-Finca-1-300x225.jpg 300w, https:\/\/parquecultural.cl\/hablaryactuar\/wp-content\/uploads\/2021\/10\/La-Finca-1-1024x768.jpg 1024w, https:\/\/parquecultural.cl\/hablaryactuar\/wp-content\/uploads\/2021\/10\/La-Finca-1-768x576.jpg 768w, https:\/\/parquecultural.cl\/hablaryactuar\/wp-content\/uploads\/2021\/10\/La-Finca-1-1536x1152.jpg 1536w, https:\/\/parquecultural.cl\/hablaryactuar\/wp-content\/uploads\/2021\/10\/La-Finca-1-2048x1536.jpg 2048w\" sizes=\"auto, (max-width: 300px) 100vw, 300px\" \/><\/a>\n\t\t\t<\/div><\/figure><figure class='gallery-item'>\n\t\t\t<div class='gallery-icon landscape'>\n\t\t\t\t<a href='https:\/\/parquecultural.cl\/hablaryactuar\/ecosofia\/la-finca-2-2\/'><img loading=\"lazy\" decoding=\"async\" width=\"300\" height=\"225\" src=\"https:\/\/parquecultural.cl\/hablaryactuar\/wp-content\/uploads\/2021\/10\/La-finca-2-300x225.jpg\" class=\"attachment-medium size-medium\" alt=\"\" srcset=\"https:\/\/parquecultural.cl\/hablaryactuar\/wp-content\/uploads\/2021\/10\/La-finca-2-300x225.jpg 300w, https:\/\/parquecultural.cl\/hablaryactuar\/wp-content\/uploads\/2021\/10\/La-finca-2-1024x768.jpg 1024w, https:\/\/parquecultural.cl\/hablaryactuar\/wp-content\/uploads\/2021\/10\/La-finca-2-768x576.jpg 768w, https:\/\/parquecultural.cl\/hablaryactuar\/wp-content\/uploads\/2021\/10\/La-finca-2-1536x1152.jpg 1536w, https:\/\/parquecultural.cl\/hablaryactuar\/wp-content\/uploads\/2021\/10\/La-finca-2-2048x1536.jpg 2048w\" sizes=\"auto, (max-width: 300px) 100vw, 300px\" \/><\/a>\n\t\t\t<\/div><\/figure><figure class='gallery-item'>\n\t\t\t<div class='gallery-icon landscape'>\n\t\t\t\t<a href='https:\/\/parquecultural.cl\/hablaryactuar\/ecosofia\/img_6989\/'><img loading=\"lazy\" decoding=\"async\" width=\"300\" height=\"225\" src=\"https:\/\/parquecultural.cl\/hablaryactuar\/wp-content\/uploads\/2021\/10\/IMG_6989-300x225.jpg\" class=\"attachment-medium size-medium\" alt=\"\" srcset=\"https:\/\/parquecultural.cl\/hablaryactuar\/wp-content\/uploads\/2021\/10\/IMG_6989-300x225.jpg 300w, https:\/\/parquecultural.cl\/hablaryactuar\/wp-content\/uploads\/2021\/10\/IMG_6989-1024x768.jpg 1024w, https:\/\/parquecultural.cl\/hablaryactuar\/wp-content\/uploads\/2021\/10\/IMG_6989-768x576.jpg 768w, https:\/\/parquecultural.cl\/hablaryactuar\/wp-content\/uploads\/2021\/10\/IMG_6989-1536x1152.jpg 1536w, https:\/\/parquecultural.cl\/hablaryactuar\/wp-content\/uploads\/2021\/10\/IMG_6989-2048x1536.jpg 2048w\" sizes=\"auto, (max-width: 300px) 100vw, 300px\" \/><\/a>\n\t\t\t<\/div><\/figure>\n\t\t<\/div>\n\n<p><strong>Encuentro 2 &#8211; C\u00edrculo Social de Terapeutas<\/strong> 16 de noviembre \/ 17 horas.<\/p>\n<div id='gallery-5' class='gallery galleryid-534 gallery-columns-3 gallery-size-medium'><figure class='gallery-item'>\n\t\t\t<div class='gallery-icon landscape'>\n\t\t\t\t<a href='https:\/\/parquecultural.cl\/hablaryactuar\/ecosofia\/espacio-circulante-1\/'><img loading=\"lazy\" decoding=\"async\" width=\"300\" height=\"225\" src=\"https:\/\/parquecultural.cl\/hablaryactuar\/wp-content\/uploads\/2021\/10\/espacio-circulante-1-300x225.jpg\" class=\"attachment-medium size-medium\" alt=\"\" srcset=\"https:\/\/parquecultural.cl\/hablaryactuar\/wp-content\/uploads\/2021\/10\/espacio-circulante-1-300x225.jpg 300w, https:\/\/parquecultural.cl\/hablaryactuar\/wp-content\/uploads\/2021\/10\/espacio-circulante-1-1024x768.jpg 1024w, https:\/\/parquecultural.cl\/hablaryactuar\/wp-content\/uploads\/2021\/10\/espacio-circulante-1-768x576.jpg 768w, https:\/\/parquecultural.cl\/hablaryactuar\/wp-content\/uploads\/2021\/10\/espacio-circulante-1-1536x1152.jpg 1536w, https:\/\/parquecultural.cl\/hablaryactuar\/wp-content\/uploads\/2021\/10\/espacio-circulante-1-2048x1536.jpg 2048w\" sizes=\"auto, (max-width: 300px) 100vw, 300px\" \/><\/a>\n\t\t\t<\/div><\/figure><figure class='gallery-item'>\n\t\t\t<div class='gallery-icon landscape'>\n\t\t\t\t<a href='https:\/\/parquecultural.cl\/hablaryactuar\/ecosofia\/espacio-circulante-2\/'><img loading=\"lazy\" decoding=\"async\" width=\"300\" height=\"225\" src=\"https:\/\/parquecultural.cl\/hablaryactuar\/wp-content\/uploads\/2021\/10\/espacio-circulante-2-300x225.jpg\" class=\"attachment-medium size-medium\" alt=\"\" srcset=\"https:\/\/parquecultural.cl\/hablaryactuar\/wp-content\/uploads\/2021\/10\/espacio-circulante-2-300x225.jpg 300w, https:\/\/parquecultural.cl\/hablaryactuar\/wp-content\/uploads\/2021\/10\/espacio-circulante-2-1024x768.jpg 1024w, https:\/\/parquecultural.cl\/hablaryactuar\/wp-content\/uploads\/2021\/10\/espacio-circulante-2-768x576.jpg 768w, https:\/\/parquecultural.cl\/hablaryactuar\/wp-content\/uploads\/2021\/10\/espacio-circulante-2-1536x1152.jpg 1536w, https:\/\/parquecultural.cl\/hablaryactuar\/wp-content\/uploads\/2021\/10\/espacio-circulante-2-2048x1536.jpg 2048w\" sizes=\"auto, (max-width: 300px) 100vw, 300px\" \/><\/a>\n\t\t\t<\/div><\/figure><figure class='gallery-item'>\n\t\t\t<div class='gallery-icon landscape'>\n\t\t\t\t<a href='https:\/\/parquecultural.cl\/hablaryactuar\/ecosofia\/espacio-circulante-3\/'><img loading=\"lazy\" decoding=\"async\" width=\"300\" height=\"225\" src=\"https:\/\/parquecultural.cl\/hablaryactuar\/wp-content\/uploads\/2021\/10\/espacio-circulante-3-300x225.jpg\" class=\"attachment-medium size-medium\" alt=\"\" srcset=\"https:\/\/parquecultural.cl\/hablaryactuar\/wp-content\/uploads\/2021\/10\/espacio-circulante-3-300x225.jpg 300w, https:\/\/parquecultural.cl\/hablaryactuar\/wp-content\/uploads\/2021\/10\/espacio-circulante-3-1024x768.jpg 1024w, https:\/\/parquecultural.cl\/hablaryactuar\/wp-content\/uploads\/2021\/10\/espacio-circulante-3-768x576.jpg 768w, https:\/\/parquecultural.cl\/hablaryactuar\/wp-content\/uploads\/2021\/10\/espacio-circulante-3-1536x1152.jpg 1536w, https:\/\/parquecultural.cl\/hablaryactuar\/wp-content\/uploads\/2021\/10\/espacio-circulante-3-2048x1536.jpg 2048w\" sizes=\"auto, (max-width: 300px) 100vw, 300px\" \/><\/a>\n\t\t\t<\/div><\/figure>\n\t\t<\/div>\n\n","protected":false},"excerpt":{"rendered":"<p>Cl\u00ednica del diario vivir y transversalidades\u00a0contempl\u00f3 una serie de talleres y encuentros realizados por Miguel D. Norambuena (consultor psicosocial) y Paulina E. Varas (investigadora en arte) con diversos participantes de la regi\u00f3n de Valpara\u00edso, donde se discutieron herramientas y pistas de trabajo para abordar el rol de las representaciones sociales y culturales, que cambian y [&hellip;]<\/p>\n","protected":false},"author":2,"featured_media":899,"comment_status":"open","ping_status":"open","sticky":false,"template":"","format":"standard","meta":{"_acf_changed":false,"footnotes":""},"categories":[3],"tags":[],"class_list":["post-534","post","type-post","status-publish","format-standard","has-post-thumbnail","hentry","category-talleres-residencias"],"acf":[],"_links":{"self":[{"href":"https:\/\/parquecultural.cl\/hablaryactuar\/wp-json\/wp\/v2\/posts\/534","targetHints":{"allow":["GET"]}}],"collection":[{"href":"https:\/\/parquecultural.cl\/hablaryactuar\/wp-json\/wp\/v2\/posts"}],"about":[{"href":"https:\/\/parquecultural.cl\/hablaryactuar\/wp-json\/wp\/v2\/types\/post"}],"author":[{"embeddable":true,"href":"https:\/\/parquecultural.cl\/hablaryactuar\/wp-json\/wp\/v2\/users\/2"}],"replies":[{"embeddable":true,"href":"https:\/\/parquecultural.cl\/hablaryactuar\/wp-json\/wp\/v2\/comments?post=534"}],"version-history":[{"count":38,"href":"https:\/\/parquecultural.cl\/hablaryactuar\/wp-json\/wp\/v2\/posts\/534\/revisions"}],"predecessor-version":[{"id":1124,"href":"https:\/\/parquecultural.cl\/hablaryactuar\/wp-json\/wp\/v2\/posts\/534\/revisions\/1124"}],"wp:featuredmedia":[{"embeddable":true,"href":"https:\/\/parquecultural.cl\/hablaryactuar\/wp-json\/wp\/v2\/media\/899"}],"wp:attachment":[{"href":"https:\/\/parquecultural.cl\/hablaryactuar\/wp-json\/wp\/v2\/media?parent=534"}],"wp:term":[{"taxonomy":"category","embeddable":true,"href":"https:\/\/parquecultural.cl\/hablaryactuar\/wp-json\/wp\/v2\/categories?post=534"},{"taxonomy":"post_tag","embeddable":true,"href":"https:\/\/parquecultural.cl\/hablaryactuar\/wp-json\/wp\/v2\/tags?post=534"}],"curies":[{"name":"wp","href":"https:\/\/api.w.org\/{rel}","templated":true}]}}