{"id":532,"date":"2021-11-03T11:21:29","date_gmt":"2021-11-03T15:21:29","guid":{"rendered":"https:\/\/parquecultural.cl\/hablaryactuar\/?p=532"},"modified":"2022-02-10T15:04:03","modified_gmt":"2022-02-10T19:04:03","slug":"memorias-liminales","status":"publish","type":"post","link":"https:\/\/parquecultural.cl\/hablaryactuar\/memorias-liminales\/","title":{"rendered":"Memorias Liminares: un archivo en construcci\u00f3n"},"content":{"rendered":"<p><strong><i>Memorias liminares: un archivo en construcci\u00f3n <\/i><\/strong><span style=\"font-weight: 400;\">busca ser un espacio de encuentro, di\u00e1logo e\u00a0 intercambio de experiencias en torno a las memorias de personas mayores habitantes de Valpara\u00edso. A partir de una puesta en com\u00fan sobre pr\u00e1cticas de arte contempor\u00e1neo y comunidades, m\u00e1s la\u00a0 recogida de sus propias experiencias vinculadas a las microhistorias de la ciudad puerto (historias de\u00a0 barrio, de comunidad, de juventud y actualidad), realizaremos algunos ejercicios visuales que\u00a0 proponen re-pensar, re-escribir e imaginar el lugar que habitamos.\u00a0<\/span><\/p>\n<p><span style=\"font-weight: 400;\">\u00bfCu\u00e1les han sido las principales luchas llevadas a cabo en nuestros barrios?, \u00bfc\u00f3mo ha cambiado la\u00a0 ciudad y nuestras maneras de habitarla? \u00bfQu\u00e9 v\u00ednculos persisten entre presente y pasado? \u00bfC\u00f3mo\u00a0 vivimos y transitamos estos cambios? Entendiendo lo liminar como la puerta de entrada a un universo desconocido de vivencias personales, queremos que este taller sea un espacio sensible, dial\u00f3gico y\u00a0 creativo que nos permita comunicar nuestras memorias sobre aquello que importa: nuestras vidas, los afectos, lo vital.\u00a0<\/span><\/p>\n<p style=\"text-align: left;\"><span style=\"font-weight: 400;\"><strong>Viviana Silva Flores <\/strong>es <\/span><span style=\"font-weight: 400;\">artista visual e investigadora. Doctora en Bellas Artes y Master en Investigaci\u00f3n, Arte y Creaci\u00f3n por la Universidad Complutense de Madrid, estudios realizados con Becas Chile-CONICYT. Licenciada en Artes por la Universidad de Chile. Es Acad\u00e9mica de la Escuela de Educaci\u00f3n Art\u00edstica de la Universidad Cat\u00f3lica Silva Henr\u00edquez, investigadora FONDECYT Postdoctoral del Instituto de Historia y Cs. Sociales de la Universidad de Valpara\u00edso, y miembro del equipo como asesora y encargada de proyectos de la Direcci\u00f3n de Creaci\u00f3n e Investigaci\u00f3n de la Facultad de Artes de la Universidad de Chile. Su trabajo fluct\u00faa entre la pr\u00e1ctica y la investigaci\u00f3n art\u00edstica siendo ellas, exploraciones y aproximaciones a problem\u00e1ticas pol\u00edtico-sociales vinculadas a la H\/historia y a los modos de hacer memoria. En ello las ausencias son su principal espacio de trabajo, desde el que propone ejercicios de (de)construcci\u00f3n identitaria a partir de la memoria social y colectiva, mediante desplazamientos materiales e hibridaciones (que fluct\u00faan entre la instalaci\u00f3n textil, la fotograf\u00eda y el video-ensayo) y, a trav\u00e9s de pr\u00e1cticas colaborativas con comunidades en contextos espec\u00edficos entendiendo el arte como <\/span><i><span style=\"font-weight: 400;\">praxis social<\/span><\/i><span style=\"font-weight: 400;\">. Tanto su obra como investigaci\u00f3n es una b\u00fasqueda sobre maneras de hacer para pensar la construcci\u00f3n del tejido social y la re-escritura de la historia. Modos de hacer diversos para pensar el arte como construcci\u00f3n de nuevas realidades, de posibles mundos a trav\u00e9s de las im\u00e1genes y de los <\/span><i><span style=\"font-weight: 400;\">haceres<\/span><\/i><span style=\"font-weight: 400;\"> del arte. Forma parte del <\/span><span style=\"font-weight: 400;\">Proyecto I+D <\/span><i><span style=\"font-weight: 400;\">Las experiencias de lo pol\u00edtico en la Espa\u00f1a del franquismo <\/span><\/i><span style=\"font-weight: 400;\">(UNED-Espa\u00f1a) y <\/span><span style=\"font-weight: 400;\">co-organizadora de <\/span><i><span style=\"font-weight: 400;\">Hablar y Actuar Valpara\u00edso<\/span><\/i><span style=\"font-weight: 400;\">.\u00a0 <\/span><a href=\"http:\/\/www.vivianasilva.com\/\"><span style=\"font-weight: 400;\">www.vivianasilva.com<\/span><\/a><\/p>\n<p style=\"text-align: left;\"><span style=\"font-weight: 400;\"><strong>Lugar:<\/strong> Sala Proyecci\u00f3n del Parque Cultural de Valpara\u00edso.\u00a0<\/span><\/p>\n<p style=\"text-align: left;\"><span style=\"font-weight: 400;\"><strong>Fechas y horarios:<\/strong> 30 de noviembre y 2 de diciembre 2021 de 10:00 a 13:00hrs <\/span><\/p>\n<p>&nbsp;<\/p>\n<div style=\"padding: 56.25% 0 0 0; position: relative;\"><iframe style=\"position: absolute; top: 0; left: 0; width: 100%; height: 100%;\" title=\"MEMORIASLIMIRARESRESUMENn\" src=\"https:\/\/player.vimeo.com\/video\/676007004?h=a3b9d61817&amp;badge=0&amp;autopause=0&amp;player_id=0&amp;app_id=58479\" frameborder=\"0\" allowfullscreen=\"allowfullscreen\" data-mce-fragment=\"1\"><\/iframe><\/div>\n<p><a href=\"http:\/\/div%20style=padding:56.25%%200%200%200;position:relative;iframe%20src=https:\/\/player.vimeo.com\/video\/676007004?h=a3b9d61817&amp;badge=0&amp;autopause=0&amp;player_id=0&amp;app_id=58479%20frameborder=0%20allow=autoplay;%20fullscreen;%20picture-in-picture%20allowfullscreen%20style=position:absolute;top:0;left:0;width:100%;height:100%;%20title=MEMORIASLIMIRARESRESUMENn\/iframe\/divscript%20src=https:\/\/player.vimeo.com\/api\/player.js\/script\"><script src=\"https:\/\/player.vimeo.com\/api\/player.js\"><\/script><\/a><\/p>\n<div id='gallery-1' class='gallery galleryid-532 gallery-columns-3 gallery-size-medium'><figure class='gallery-item'>\n\t\t\t<div class='gallery-icon landscape'>\n\t\t\t\t<a href='https:\/\/parquecultural.cl\/hablaryactuar\/memorias-liminales\/taller-memorias-liminares-vsf-38\/'><img loading=\"lazy\" decoding=\"async\" width=\"300\" height=\"200\" src=\"https:\/\/parquecultural.cl\/hablaryactuar\/wp-content\/uploads\/2021\/11\/Taller-Memorias-Liminares-VSF-38-300x200.jpg\" class=\"attachment-medium size-medium\" alt=\"\" srcset=\"https:\/\/parquecultural.cl\/hablaryactuar\/wp-content\/uploads\/2021\/11\/Taller-Memorias-Liminares-VSF-38-300x200.jpg 300w, https:\/\/parquecultural.cl\/hablaryactuar\/wp-content\/uploads\/2021\/11\/Taller-Memorias-Liminares-VSF-38-1024x682.jpg 1024w, https:\/\/parquecultural.cl\/hablaryactuar\/wp-content\/uploads\/2021\/11\/Taller-Memorias-Liminares-VSF-38-768x512.jpg 768w, https:\/\/parquecultural.cl\/hablaryactuar\/wp-content\/uploads\/2021\/11\/Taller-Memorias-Liminares-VSF-38.jpg 1181w\" sizes=\"auto, (max-width: 300px) 100vw, 300px\" \/><\/a>\n\t\t\t<\/div><\/figure><figure class='gallery-item'>\n\t\t\t<div class='gallery-icon landscape'>\n\t\t\t\t<a href='https:\/\/parquecultural.cl\/hablaryactuar\/memorias-liminales\/taller-memorias-liminares-vsf-36\/'><img loading=\"lazy\" decoding=\"async\" width=\"300\" height=\"200\" src=\"https:\/\/parquecultural.cl\/hablaryactuar\/wp-content\/uploads\/2021\/11\/Taller-Memorias-Liminares-VSF-36-300x200.jpg\" class=\"attachment-medium size-medium\" alt=\"\" srcset=\"https:\/\/parquecultural.cl\/hablaryactuar\/wp-content\/uploads\/2021\/11\/Taller-Memorias-Liminares-VSF-36-300x200.jpg 300w, https:\/\/parquecultural.cl\/hablaryactuar\/wp-content\/uploads\/2021\/11\/Taller-Memorias-Liminares-VSF-36-1024x682.jpg 1024w, https:\/\/parquecultural.cl\/hablaryactuar\/wp-content\/uploads\/2021\/11\/Taller-Memorias-Liminares-VSF-36-768x512.jpg 768w, https:\/\/parquecultural.cl\/hablaryactuar\/wp-content\/uploads\/2021\/11\/Taller-Memorias-Liminares-VSF-36.jpg 1181w\" sizes=\"auto, (max-width: 300px) 100vw, 300px\" \/><\/a>\n\t\t\t<\/div><\/figure><figure class='gallery-item'>\n\t\t\t<div class='gallery-icon landscape'>\n\t\t\t\t<a href='https:\/\/parquecultural.cl\/hablaryactuar\/memorias-liminales\/taller-memorias-liminares-vsf-35\/'><img loading=\"lazy\" decoding=\"async\" width=\"300\" height=\"200\" src=\"https:\/\/parquecultural.cl\/hablaryactuar\/wp-content\/uploads\/2021\/11\/Taller-Memorias-Liminares-VSF-35-300x200.jpg\" class=\"attachment-medium size-medium\" alt=\"\" srcset=\"https:\/\/parquecultural.cl\/hablaryactuar\/wp-content\/uploads\/2021\/11\/Taller-Memorias-Liminares-VSF-35-300x200.jpg 300w, https:\/\/parquecultural.cl\/hablaryactuar\/wp-content\/uploads\/2021\/11\/Taller-Memorias-Liminares-VSF-35-1024x682.jpg 1024w, https:\/\/parquecultural.cl\/hablaryactuar\/wp-content\/uploads\/2021\/11\/Taller-Memorias-Liminares-VSF-35-768x512.jpg 768w, https:\/\/parquecultural.cl\/hablaryactuar\/wp-content\/uploads\/2021\/11\/Taller-Memorias-Liminares-VSF-35.jpg 1181w\" sizes=\"auto, (max-width: 300px) 100vw, 300px\" \/><\/a>\n\t\t\t<\/div><\/figure><figure class='gallery-item'>\n\t\t\t<div class='gallery-icon landscape'>\n\t\t\t\t<a href='https:\/\/parquecultural.cl\/hablaryactuar\/memorias-liminales\/taller-memorias-liminares-vsf-33\/'><img loading=\"lazy\" decoding=\"async\" width=\"300\" height=\"200\" src=\"https:\/\/parquecultural.cl\/hablaryactuar\/wp-content\/uploads\/2021\/11\/Taller-Memorias-Liminares-VSF-33-300x200.jpg\" class=\"attachment-medium size-medium\" alt=\"\" srcset=\"https:\/\/parquecultural.cl\/hablaryactuar\/wp-content\/uploads\/2021\/11\/Taller-Memorias-Liminares-VSF-33-300x200.jpg 300w, https:\/\/parquecultural.cl\/hablaryactuar\/wp-content\/uploads\/2021\/11\/Taller-Memorias-Liminares-VSF-33-1024x682.jpg 1024w, https:\/\/parquecultural.cl\/hablaryactuar\/wp-content\/uploads\/2021\/11\/Taller-Memorias-Liminares-VSF-33-768x512.jpg 768w, https:\/\/parquecultural.cl\/hablaryactuar\/wp-content\/uploads\/2021\/11\/Taller-Memorias-Liminares-VSF-33.jpg 1181w\" sizes=\"auto, (max-width: 300px) 100vw, 300px\" \/><\/a>\n\t\t\t<\/div><\/figure><figure class='gallery-item'>\n\t\t\t<div class='gallery-icon landscape'>\n\t\t\t\t<a href='https:\/\/parquecultural.cl\/hablaryactuar\/memorias-liminales\/taller-memorias-liminares-vsf-32\/'><img loading=\"lazy\" decoding=\"async\" width=\"300\" height=\"200\" src=\"https:\/\/parquecultural.cl\/hablaryactuar\/wp-content\/uploads\/2021\/11\/Taller-Memorias-Liminares-VSF-32-300x200.jpg\" class=\"attachment-medium size-medium\" alt=\"\" srcset=\"https:\/\/parquecultural.cl\/hablaryactuar\/wp-content\/uploads\/2021\/11\/Taller-Memorias-Liminares-VSF-32-300x200.jpg 300w, https:\/\/parquecultural.cl\/hablaryactuar\/wp-content\/uploads\/2021\/11\/Taller-Memorias-Liminares-VSF-32-1024x682.jpg 1024w, https:\/\/parquecultural.cl\/hablaryactuar\/wp-content\/uploads\/2021\/11\/Taller-Memorias-Liminares-VSF-32-768x512.jpg 768w, https:\/\/parquecultural.cl\/hablaryactuar\/wp-content\/uploads\/2021\/11\/Taller-Memorias-Liminares-VSF-32.jpg 1181w\" sizes=\"auto, (max-width: 300px) 100vw, 300px\" \/><\/a>\n\t\t\t<\/div><\/figure><figure class='gallery-item'>\n\t\t\t<div class='gallery-icon landscape'>\n\t\t\t\t<a href='https:\/\/parquecultural.cl\/hablaryactuar\/memorias-liminales\/taller-memorias-liminares-vsf-30\/'><img loading=\"lazy\" decoding=\"async\" width=\"300\" height=\"200\" src=\"https:\/\/parquecultural.cl\/hablaryactuar\/wp-content\/uploads\/2021\/11\/Taller-Memorias-Liminares-VSF-30-300x200.jpg\" class=\"attachment-medium size-medium\" alt=\"\" srcset=\"https:\/\/parquecultural.cl\/hablaryactuar\/wp-content\/uploads\/2021\/11\/Taller-Memorias-Liminares-VSF-30-300x200.jpg 300w, https:\/\/parquecultural.cl\/hablaryactuar\/wp-content\/uploads\/2021\/11\/Taller-Memorias-Liminares-VSF-30-1024x682.jpg 1024w, https:\/\/parquecultural.cl\/hablaryactuar\/wp-content\/uploads\/2021\/11\/Taller-Memorias-Liminares-VSF-30-768x512.jpg 768w, https:\/\/parquecultural.cl\/hablaryactuar\/wp-content\/uploads\/2021\/11\/Taller-Memorias-Liminares-VSF-30.jpg 1181w\" sizes=\"auto, (max-width: 300px) 100vw, 300px\" \/><\/a>\n\t\t\t<\/div><\/figure><figure class='gallery-item'>\n\t\t\t<div class='gallery-icon landscape'>\n\t\t\t\t<a href='https:\/\/parquecultural.cl\/hablaryactuar\/memorias-liminales\/taller-memorias-liminares-vsf-27\/'><img loading=\"lazy\" decoding=\"async\" width=\"300\" height=\"200\" src=\"https:\/\/parquecultural.cl\/hablaryactuar\/wp-content\/uploads\/2021\/11\/Taller-Memorias-Liminares-VSF-27-300x200.jpg\" class=\"attachment-medium size-medium\" alt=\"\" srcset=\"https:\/\/parquecultural.cl\/hablaryactuar\/wp-content\/uploads\/2021\/11\/Taller-Memorias-Liminares-VSF-27-300x200.jpg 300w, https:\/\/parquecultural.cl\/hablaryactuar\/wp-content\/uploads\/2021\/11\/Taller-Memorias-Liminares-VSF-27-1024x682.jpg 1024w, https:\/\/parquecultural.cl\/hablaryactuar\/wp-content\/uploads\/2021\/11\/Taller-Memorias-Liminares-VSF-27-768x512.jpg 768w, https:\/\/parquecultural.cl\/hablaryactuar\/wp-content\/uploads\/2021\/11\/Taller-Memorias-Liminares-VSF-27.jpg 1181w\" sizes=\"auto, (max-width: 300px) 100vw, 300px\" \/><\/a>\n\t\t\t<\/div><\/figure><figure class='gallery-item'>\n\t\t\t<div class='gallery-icon landscape'>\n\t\t\t\t<a href='https:\/\/parquecultural.cl\/hablaryactuar\/memorias-liminales\/taller-memorias-liminares-vsf-26\/'><img loading=\"lazy\" decoding=\"async\" width=\"300\" height=\"200\" src=\"https:\/\/parquecultural.cl\/hablaryactuar\/wp-content\/uploads\/2021\/11\/Taller-Memorias-Liminares-VSF-26-300x200.jpg\" class=\"attachment-medium size-medium\" alt=\"\" srcset=\"https:\/\/parquecultural.cl\/hablaryactuar\/wp-content\/uploads\/2021\/11\/Taller-Memorias-Liminares-VSF-26-300x200.jpg 300w, https:\/\/parquecultural.cl\/hablaryactuar\/wp-content\/uploads\/2021\/11\/Taller-Memorias-Liminares-VSF-26-1024x682.jpg 1024w, https:\/\/parquecultural.cl\/hablaryactuar\/wp-content\/uploads\/2021\/11\/Taller-Memorias-Liminares-VSF-26-768x512.jpg 768w, https:\/\/parquecultural.cl\/hablaryactuar\/wp-content\/uploads\/2021\/11\/Taller-Memorias-Liminares-VSF-26.jpg 1181w\" sizes=\"auto, (max-width: 300px) 100vw, 300px\" \/><\/a>\n\t\t\t<\/div><\/figure><figure class='gallery-item'>\n\t\t\t<div class='gallery-icon landscape'>\n\t\t\t\t<a href='https:\/\/parquecultural.cl\/hablaryactuar\/memorias-liminales\/taller-memorias-liminares-vsf-25\/'><img loading=\"lazy\" decoding=\"async\" width=\"300\" height=\"200\" src=\"https:\/\/parquecultural.cl\/hablaryactuar\/wp-content\/uploads\/2021\/11\/Taller-Memorias-Liminares-VSF-25-300x200.jpg\" class=\"attachment-medium size-medium\" alt=\"\" srcset=\"https:\/\/parquecultural.cl\/hablaryactuar\/wp-content\/uploads\/2021\/11\/Taller-Memorias-Liminares-VSF-25-300x200.jpg 300w, https:\/\/parquecultural.cl\/hablaryactuar\/wp-content\/uploads\/2021\/11\/Taller-Memorias-Liminares-VSF-25-1024x682.jpg 1024w, https:\/\/parquecultural.cl\/hablaryactuar\/wp-content\/uploads\/2021\/11\/Taller-Memorias-Liminares-VSF-25-768x512.jpg 768w, https:\/\/parquecultural.cl\/hablaryactuar\/wp-content\/uploads\/2021\/11\/Taller-Memorias-Liminares-VSF-25.jpg 1181w\" sizes=\"auto, (max-width: 300px) 100vw, 300px\" \/><\/a>\n\t\t\t<\/div><\/figure><figure class='gallery-item'>\n\t\t\t<div class='gallery-icon landscape'>\n\t\t\t\t<a href='https:\/\/parquecultural.cl\/hablaryactuar\/memorias-liminales\/taller-memorias-liminares-vsf-24\/'><img loading=\"lazy\" decoding=\"async\" width=\"300\" height=\"200\" src=\"https:\/\/parquecultural.cl\/hablaryactuar\/wp-content\/uploads\/2021\/11\/Taller-Memorias-Liminares-VSF-24-300x200.jpg\" class=\"attachment-medium size-medium\" alt=\"\" srcset=\"https:\/\/parquecultural.cl\/hablaryactuar\/wp-content\/uploads\/2021\/11\/Taller-Memorias-Liminares-VSF-24-300x200.jpg 300w, https:\/\/parquecultural.cl\/hablaryactuar\/wp-content\/uploads\/2021\/11\/Taller-Memorias-Liminares-VSF-24-1024x682.jpg 1024w, https:\/\/parquecultural.cl\/hablaryactuar\/wp-content\/uploads\/2021\/11\/Taller-Memorias-Liminares-VSF-24-768x512.jpg 768w, https:\/\/parquecultural.cl\/hablaryactuar\/wp-content\/uploads\/2021\/11\/Taller-Memorias-Liminares-VSF-24.jpg 1181w\" sizes=\"auto, (max-width: 300px) 100vw, 300px\" \/><\/a>\n\t\t\t<\/div><\/figure><figure class='gallery-item'>\n\t\t\t<div class='gallery-icon landscape'>\n\t\t\t\t<a href='https:\/\/parquecultural.cl\/hablaryactuar\/memorias-liminales\/taller-memorias-liminares-vsf-23\/'><img loading=\"lazy\" decoding=\"async\" width=\"300\" height=\"231\" src=\"https:\/\/parquecultural.cl\/hablaryactuar\/wp-content\/uploads\/2021\/11\/Taller-Memorias-Liminares-VSF-23-300x231.jpg\" class=\"attachment-medium size-medium\" alt=\"\" srcset=\"https:\/\/parquecultural.cl\/hablaryactuar\/wp-content\/uploads\/2021\/11\/Taller-Memorias-Liminares-VSF-23-300x231.jpg 300w, https:\/\/parquecultural.cl\/hablaryactuar\/wp-content\/uploads\/2021\/11\/Taller-Memorias-Liminares-VSF-23-1024x788.jpg 1024w, https:\/\/parquecultural.cl\/hablaryactuar\/wp-content\/uploads\/2021\/11\/Taller-Memorias-Liminares-VSF-23-768x591.jpg 768w, https:\/\/parquecultural.cl\/hablaryactuar\/wp-content\/uploads\/2021\/11\/Taller-Memorias-Liminares-VSF-23.jpg 1181w\" sizes=\"auto, (max-width: 300px) 100vw, 300px\" \/><\/a>\n\t\t\t<\/div><\/figure><figure class='gallery-item'>\n\t\t\t<div class='gallery-icon landscape'>\n\t\t\t\t<a href='https:\/\/parquecultural.cl\/hablaryactuar\/memorias-liminales\/taller-memorias-liminares-vsf-22\/'><img loading=\"lazy\" decoding=\"async\" width=\"300\" height=\"200\" src=\"https:\/\/parquecultural.cl\/hablaryactuar\/wp-content\/uploads\/2021\/11\/Taller-Memorias-Liminares-VSF-22-300x200.jpg\" class=\"attachment-medium size-medium\" alt=\"\" srcset=\"https:\/\/parquecultural.cl\/hablaryactuar\/wp-content\/uploads\/2021\/11\/Taller-Memorias-Liminares-VSF-22-300x200.jpg 300w, https:\/\/parquecultural.cl\/hablaryactuar\/wp-content\/uploads\/2021\/11\/Taller-Memorias-Liminares-VSF-22-1024x682.jpg 1024w, https:\/\/parquecultural.cl\/hablaryactuar\/wp-content\/uploads\/2021\/11\/Taller-Memorias-Liminares-VSF-22-768x512.jpg 768w, https:\/\/parquecultural.cl\/hablaryactuar\/wp-content\/uploads\/2021\/11\/Taller-Memorias-Liminares-VSF-22.jpg 1181w\" sizes=\"auto, (max-width: 300px) 100vw, 300px\" \/><\/a>\n\t\t\t<\/div><\/figure><figure class='gallery-item'>\n\t\t\t<div class='gallery-icon landscape'>\n\t\t\t\t<a href='https:\/\/parquecultural.cl\/hablaryactuar\/memorias-liminales\/taller-memorias-liminares-vsf-21\/'><img loading=\"lazy\" decoding=\"async\" width=\"300\" height=\"200\" src=\"https:\/\/parquecultural.cl\/hablaryactuar\/wp-content\/uploads\/2021\/11\/Taller-Memorias-Liminares-VSF-21-300x200.jpg\" class=\"attachment-medium size-medium\" alt=\"\" srcset=\"https:\/\/parquecultural.cl\/hablaryactuar\/wp-content\/uploads\/2021\/11\/Taller-Memorias-Liminares-VSF-21-300x200.jpg 300w, https:\/\/parquecultural.cl\/hablaryactuar\/wp-content\/uploads\/2021\/11\/Taller-Memorias-Liminares-VSF-21-1024x682.jpg 1024w, https:\/\/parquecultural.cl\/hablaryactuar\/wp-content\/uploads\/2021\/11\/Taller-Memorias-Liminares-VSF-21-768x512.jpg 768w, https:\/\/parquecultural.cl\/hablaryactuar\/wp-content\/uploads\/2021\/11\/Taller-Memorias-Liminares-VSF-21.jpg 1181w\" sizes=\"auto, (max-width: 300px) 100vw, 300px\" \/><\/a>\n\t\t\t<\/div><\/figure><figure class='gallery-item'>\n\t\t\t<div class='gallery-icon landscape'>\n\t\t\t\t<a href='https:\/\/parquecultural.cl\/hablaryactuar\/memorias-liminales\/taller-memorias-liminares-vsf-19\/'><img loading=\"lazy\" decoding=\"async\" width=\"300\" height=\"200\" src=\"https:\/\/parquecultural.cl\/hablaryactuar\/wp-content\/uploads\/2021\/11\/Taller-Memorias-Liminares-VSF-19-300x200.jpg\" class=\"attachment-medium size-medium\" alt=\"\" srcset=\"https:\/\/parquecultural.cl\/hablaryactuar\/wp-content\/uploads\/2021\/11\/Taller-Memorias-Liminares-VSF-19-300x200.jpg 300w, https:\/\/parquecultural.cl\/hablaryactuar\/wp-content\/uploads\/2021\/11\/Taller-Memorias-Liminares-VSF-19-1024x682.jpg 1024w, https:\/\/parquecultural.cl\/hablaryactuar\/wp-content\/uploads\/2021\/11\/Taller-Memorias-Liminares-VSF-19-768x512.jpg 768w, https:\/\/parquecultural.cl\/hablaryactuar\/wp-content\/uploads\/2021\/11\/Taller-Memorias-Liminares-VSF-19.jpg 1181w\" sizes=\"auto, (max-width: 300px) 100vw, 300px\" \/><\/a>\n\t\t\t<\/div><\/figure><figure class='gallery-item'>\n\t\t\t<div class='gallery-icon landscape'>\n\t\t\t\t<a href='https:\/\/parquecultural.cl\/hablaryactuar\/memorias-liminales\/taller-memorias-liminares-vsf-16\/'><img loading=\"lazy\" decoding=\"async\" width=\"300\" height=\"200\" src=\"https:\/\/parquecultural.cl\/hablaryactuar\/wp-content\/uploads\/2021\/11\/Taller-Memorias-Liminares-VSF-16-300x200.jpg\" class=\"attachment-medium size-medium\" alt=\"\" srcset=\"https:\/\/parquecultural.cl\/hablaryactuar\/wp-content\/uploads\/2021\/11\/Taller-Memorias-Liminares-VSF-16-300x200.jpg 300w, https:\/\/parquecultural.cl\/hablaryactuar\/wp-content\/uploads\/2021\/11\/Taller-Memorias-Liminares-VSF-16-1024x682.jpg 1024w, https:\/\/parquecultural.cl\/hablaryactuar\/wp-content\/uploads\/2021\/11\/Taller-Memorias-Liminares-VSF-16-768x512.jpg 768w, https:\/\/parquecultural.cl\/hablaryactuar\/wp-content\/uploads\/2021\/11\/Taller-Memorias-Liminares-VSF-16.jpg 1181w\" sizes=\"auto, (max-width: 300px) 100vw, 300px\" \/><\/a>\n\t\t\t<\/div><\/figure><figure class='gallery-item'>\n\t\t\t<div class='gallery-icon landscape'>\n\t\t\t\t<a href='https:\/\/parquecultural.cl\/hablaryactuar\/memorias-liminales\/taller-memorias-liminares-vsf-14\/'><img loading=\"lazy\" decoding=\"async\" width=\"300\" height=\"200\" src=\"https:\/\/parquecultural.cl\/hablaryactuar\/wp-content\/uploads\/2021\/11\/Taller-Memorias-Liminares-VSF-14-300x200.jpg\" class=\"attachment-medium size-medium\" alt=\"\" srcset=\"https:\/\/parquecultural.cl\/hablaryactuar\/wp-content\/uploads\/2021\/11\/Taller-Memorias-Liminares-VSF-14-300x200.jpg 300w, https:\/\/parquecultural.cl\/hablaryactuar\/wp-content\/uploads\/2021\/11\/Taller-Memorias-Liminares-VSF-14-1024x682.jpg 1024w, https:\/\/parquecultural.cl\/hablaryactuar\/wp-content\/uploads\/2021\/11\/Taller-Memorias-Liminares-VSF-14-768x512.jpg 768w, https:\/\/parquecultural.cl\/hablaryactuar\/wp-content\/uploads\/2021\/11\/Taller-Memorias-Liminares-VSF-14.jpg 1181w\" sizes=\"auto, (max-width: 300px) 100vw, 300px\" \/><\/a>\n\t\t\t<\/div><\/figure><figure class='gallery-item'>\n\t\t\t<div class='gallery-icon landscape'>\n\t\t\t\t<a href='https:\/\/parquecultural.cl\/hablaryactuar\/memorias-liminales\/taller-memorias-liminares-vsf-13\/'><img loading=\"lazy\" decoding=\"async\" width=\"300\" height=\"200\" src=\"https:\/\/parquecultural.cl\/hablaryactuar\/wp-content\/uploads\/2021\/11\/Taller-Memorias-Liminares-VSF-13-300x200.jpg\" class=\"attachment-medium size-medium\" alt=\"\" srcset=\"https:\/\/parquecultural.cl\/hablaryactuar\/wp-content\/uploads\/2021\/11\/Taller-Memorias-Liminares-VSF-13-300x200.jpg 300w, https:\/\/parquecultural.cl\/hablaryactuar\/wp-content\/uploads\/2021\/11\/Taller-Memorias-Liminares-VSF-13-1024x682.jpg 1024w, https:\/\/parquecultural.cl\/hablaryactuar\/wp-content\/uploads\/2021\/11\/Taller-Memorias-Liminares-VSF-13-768x512.jpg 768w, https:\/\/parquecultural.cl\/hablaryactuar\/wp-content\/uploads\/2021\/11\/Taller-Memorias-Liminares-VSF-13.jpg 1181w\" sizes=\"auto, (max-width: 300px) 100vw, 300px\" \/><\/a>\n\t\t\t<\/div><\/figure><figure class='gallery-item'>\n\t\t\t<div class='gallery-icon landscape'>\n\t\t\t\t<a href='https:\/\/parquecultural.cl\/hablaryactuar\/memorias-liminales\/taller-memorias-liminares-vsf-11\/'><img loading=\"lazy\" decoding=\"async\" width=\"300\" height=\"200\" src=\"https:\/\/parquecultural.cl\/hablaryactuar\/wp-content\/uploads\/2021\/11\/Taller-Memorias-Liminares-VSF-11-300x200.jpg\" class=\"attachment-medium size-medium\" alt=\"\" srcset=\"https:\/\/parquecultural.cl\/hablaryactuar\/wp-content\/uploads\/2021\/11\/Taller-Memorias-Liminares-VSF-11-300x200.jpg 300w, https:\/\/parquecultural.cl\/hablaryactuar\/wp-content\/uploads\/2021\/11\/Taller-Memorias-Liminares-VSF-11-1024x682.jpg 1024w, https:\/\/parquecultural.cl\/hablaryactuar\/wp-content\/uploads\/2021\/11\/Taller-Memorias-Liminares-VSF-11-768x512.jpg 768w, https:\/\/parquecultural.cl\/hablaryactuar\/wp-content\/uploads\/2021\/11\/Taller-Memorias-Liminares-VSF-11.jpg 1181w\" sizes=\"auto, (max-width: 300px) 100vw, 300px\" \/><\/a>\n\t\t\t<\/div><\/figure><figure class='gallery-item'>\n\t\t\t<div class='gallery-icon landscape'>\n\t\t\t\t<a href='https:\/\/parquecultural.cl\/hablaryactuar\/memorias-liminales\/taller-memorias-liminares-vsf-7\/'><img loading=\"lazy\" decoding=\"async\" width=\"300\" height=\"200\" src=\"https:\/\/parquecultural.cl\/hablaryactuar\/wp-content\/uploads\/2021\/11\/Taller-Memorias-Liminares-VSF-7-300x200.jpg\" class=\"attachment-medium size-medium\" alt=\"\" srcset=\"https:\/\/parquecultural.cl\/hablaryactuar\/wp-content\/uploads\/2021\/11\/Taller-Memorias-Liminares-VSF-7-300x200.jpg 300w, https:\/\/parquecultural.cl\/hablaryactuar\/wp-content\/uploads\/2021\/11\/Taller-Memorias-Liminares-VSF-7-1024x682.jpg 1024w, https:\/\/parquecultural.cl\/hablaryactuar\/wp-content\/uploads\/2021\/11\/Taller-Memorias-Liminares-VSF-7-768x512.jpg 768w, https:\/\/parquecultural.cl\/hablaryactuar\/wp-content\/uploads\/2021\/11\/Taller-Memorias-Liminares-VSF-7.jpg 1181w\" sizes=\"auto, (max-width: 300px) 100vw, 300px\" \/><\/a>\n\t\t\t<\/div><\/figure><figure class='gallery-item'>\n\t\t\t<div class='gallery-icon landscape'>\n\t\t\t\t<a href='https:\/\/parquecultural.cl\/hablaryactuar\/memorias-liminales\/taller-memorias-liminares-vsf-4\/'><img loading=\"lazy\" decoding=\"async\" width=\"300\" height=\"200\" src=\"https:\/\/parquecultural.cl\/hablaryactuar\/wp-content\/uploads\/2021\/11\/Taller-Memorias-Liminares-VSF-4-300x200.jpg\" class=\"attachment-medium size-medium\" alt=\"\" srcset=\"https:\/\/parquecultural.cl\/hablaryactuar\/wp-content\/uploads\/2021\/11\/Taller-Memorias-Liminares-VSF-4-300x200.jpg 300w, https:\/\/parquecultural.cl\/hablaryactuar\/wp-content\/uploads\/2021\/11\/Taller-Memorias-Liminares-VSF-4-1024x682.jpg 1024w, https:\/\/parquecultural.cl\/hablaryactuar\/wp-content\/uploads\/2021\/11\/Taller-Memorias-Liminares-VSF-4-768x512.jpg 768w, https:\/\/parquecultural.cl\/hablaryactuar\/wp-content\/uploads\/2021\/11\/Taller-Memorias-Liminares-VSF-4.jpg 1181w\" sizes=\"auto, (max-width: 300px) 100vw, 300px\" \/><\/a>\n\t\t\t<\/div><\/figure><figure class='gallery-item'>\n\t\t\t<div class='gallery-icon landscape'>\n\t\t\t\t<a href='https:\/\/parquecultural.cl\/hablaryactuar\/memorias-liminales\/taller-memorias-liminares-vsf-1\/'><img loading=\"lazy\" decoding=\"async\" width=\"300\" height=\"200\" src=\"https:\/\/parquecultural.cl\/hablaryactuar\/wp-content\/uploads\/2021\/11\/Taller-Memorias-Liminares-VSF-1-300x200.jpg\" class=\"attachment-medium size-medium\" alt=\"\" srcset=\"https:\/\/parquecultural.cl\/hablaryactuar\/wp-content\/uploads\/2021\/11\/Taller-Memorias-Liminares-VSF-1-300x200.jpg 300w, https:\/\/parquecultural.cl\/hablaryactuar\/wp-content\/uploads\/2021\/11\/Taller-Memorias-Liminares-VSF-1-1024x682.jpg 1024w, https:\/\/parquecultural.cl\/hablaryactuar\/wp-content\/uploads\/2021\/11\/Taller-Memorias-Liminares-VSF-1-768x512.jpg 768w, https:\/\/parquecultural.cl\/hablaryactuar\/wp-content\/uploads\/2021\/11\/Taller-Memorias-Liminares-VSF-1.jpg 1181w\" sizes=\"auto, (max-width: 300px) 100vw, 300px\" \/><\/a>\n\t\t\t<\/div><\/figure>\n\t\t<\/div>\n\n","protected":false},"excerpt":{"rendered":"<p>Memorias liminares: un archivo en construcci\u00f3n busca ser un espacio de encuentro, di\u00e1logo e\u00a0 intercambio de experiencias en torno a las memorias de personas mayores habitantes de Valpara\u00edso. A partir de una puesta en com\u00fan sobre pr\u00e1cticas de arte contempor\u00e1neo y comunidades, m\u00e1s la\u00a0 recogida de sus propias experiencias vinculadas a las microhistorias de la [&hellip;]<\/p>\n","protected":false},"author":2,"featured_media":925,"comment_status":"open","ping_status":"open","sticky":false,"template":"","format":"standard","meta":{"_acf_changed":false,"footnotes":""},"categories":[3],"tags":[],"class_list":["post-532","post","type-post","status-publish","format-standard","has-post-thumbnail","hentry","category-talleres-residencias"],"acf":[],"_links":{"self":[{"href":"https:\/\/parquecultural.cl\/hablaryactuar\/wp-json\/wp\/v2\/posts\/532","targetHints":{"allow":["GET"]}}],"collection":[{"href":"https:\/\/parquecultural.cl\/hablaryactuar\/wp-json\/wp\/v2\/posts"}],"about":[{"href":"https:\/\/parquecultural.cl\/hablaryactuar\/wp-json\/wp\/v2\/types\/post"}],"author":[{"embeddable":true,"href":"https:\/\/parquecultural.cl\/hablaryactuar\/wp-json\/wp\/v2\/users\/2"}],"replies":[{"embeddable":true,"href":"https:\/\/parquecultural.cl\/hablaryactuar\/wp-json\/wp\/v2\/comments?post=532"}],"version-history":[{"count":35,"href":"https:\/\/parquecultural.cl\/hablaryactuar\/wp-json\/wp\/v2\/posts\/532\/revisions"}],"predecessor-version":[{"id":1122,"href":"https:\/\/parquecultural.cl\/hablaryactuar\/wp-json\/wp\/v2\/posts\/532\/revisions\/1122"}],"wp:featuredmedia":[{"embeddable":true,"href":"https:\/\/parquecultural.cl\/hablaryactuar\/wp-json\/wp\/v2\/media\/925"}],"wp:attachment":[{"href":"https:\/\/parquecultural.cl\/hablaryactuar\/wp-json\/wp\/v2\/media?parent=532"}],"wp:term":[{"taxonomy":"category","embeddable":true,"href":"https:\/\/parquecultural.cl\/hablaryactuar\/wp-json\/wp\/v2\/categories?post=532"},{"taxonomy":"post_tag","embeddable":true,"href":"https:\/\/parquecultural.cl\/hablaryactuar\/wp-json\/wp\/v2\/tags?post=532"}],"curies":[{"name":"wp","href":"https:\/\/api.w.org\/{rel}","templated":true}]}}