{"id":521,"date":"2021-07-02T09:54:11","date_gmt":"2021-07-02T13:54:11","guid":{"rendered":"https:\/\/parquecultural.cl\/hablaryactuar\/?p=521"},"modified":"2022-01-22T20:04:22","modified_gmt":"2022-01-23T00:04:22","slug":"arte-y-comunidades-en-valparaiso","status":"publish","type":"post","link":"https:\/\/parquecultural.cl\/hablaryactuar\/arte-y-comunidades-en-valparaiso\/","title":{"rendered":"Mesa 1 | Situarnos: pr\u00e1cticas colaborativas, experiencias est\u00e9ticas y activismos comunitarios"},"content":{"rendered":"<h4><\/h4>\n<div style=\"padding: 56.25% 0 0 0; position: relative;\"><iframe style=\"position: absolute; top: 0; left: 0; width: 100%; height: 100%;\" title=\"[CONVERSATORIO] Situarnos_ Pra\u0301cticas colaborativas, experiencias este\u0301ticas y activismos comunitarios\" src=\"https:\/\/player.vimeo.com\/video\/594955418?h=67289c5fc1&amp;badge=0&amp;autopause=0&amp;player_id=0&amp;app_id=58479\" frameborder=\"0\" allowfullscreen=\"allowfullscreen\" data-mce-fragment=\"1\"><\/iframe><\/div>\n<p><b>Carolina Osorio &#8211; Organizaci\u00f3n Comunitaria Meta Cerro Larra\u00edn (Parque Escuela),<\/b> organizaci\u00f3n funcional territorial con personalidad jur\u00eddica desde el a\u00f1o 2015, conformada formalmente por 28 personas, mujeres y personas autodefinidas como disidentes sexuales, que lidera el proceso de recuperaci\u00f3n socioambiental de un espacio vecinal en medio de Cerro Larra\u00edn, que sufri\u00f3 un proceso de degradaci\u00f3n entre los a\u00f1os 1975 (a\u00f1o del incendio de la Escuela 36 y 37, cuyas dependencias ocupaban dicho terreno) y el a\u00f1o 2012, convirti\u00e9ndose en basural. Desde \u00e9ste a\u00f1o en adelante se desarrolla un proceso de recuperaci\u00f3n de este espacio, para constituirse en lo que hoy es el Parque Ecol\u00f3gico Comunitario \u201cParque Escuela 36\u201d. El Parque es un espacio de 1300 m2 con una trayectoria de 9 a\u00f1os consecutivos de trabajo sostenido y autogestionado, liderado por Organizaci\u00f3n META, para la recuperaci\u00f3n socioambiental de este espacio.\u00a0 Esto se ha logrado, en parte, gracias al abordaje de cada etapa del proceso desde las necesidades inmediatas del lugar, y tambi\u00e9n de lxs vecinxs, siempre sosteniendo el prop\u00f3sito mayor de cuidado y consolidaci\u00f3n de este Parque como un \u00e1rea verde agroecol\u00f3gica, as\u00ed como tambi\u00e9n un lugar de disfrute y esparcimiento para lxs vecinxs y de promoci\u00f3n y ejecuci\u00f3n de actividades culturales y art\u00edsticas. Gracias a la promoci\u00f3n continua de la participaci\u00f3n vecinal, y de la alianza colaborativa permanente con la Junta de Vecinxs Nro 9 Nuevos Horizontes, se ha ido consolidando como un espacio de intercambio y ampliaci\u00f3n de conocimientos y pr\u00e1cticas ambientalistas y un \u00e1rea de cultivo agroecol\u00f3gico de promoci\u00f3n\u00a0 de soberan\u00eda alimenticia. <a href=\"http:\/\/www.parqueescuela.cl\/\">http:\/\/www.parqueescuela.cl\/<\/a><\/p>\n<p><b>Karen Hoecker &#8211; P\u00e1jarx entre P\u00faas<\/b>, Fundaci\u00f3n y Colectiva Transdisciplinaria \u2013 Feminista que trabaja desde la Pedagog\u00eda, el Cuerpo, el Arte y la Memoria. Su principal objetivo es construir una comunidad sorora de mujeres y disidencias, personas encarceladas, excarceladas y artistas feministas, que permita urdir redes de contenci\u00f3n y creaci\u00f3n para subvertir e imaginar juntes un mundo sin c\u00e1rceles. Desde la investigaci\u00f3n\/acci\u00f3n les interesa generar contenido cr\u00edtico que visualice las condiciones de desigualdad, llev\u00e1ndolo a escena a trav\u00e9s de la creaci\u00f3n de obras e im\u00e1genes que permitan visualizar otra realidad posible. Su metodolog\u00eda Som\u00e1tica\/Dial\u00f3gica se basa en la conexi\u00f3n individual y colectiva vinculando cuerpo-arte a contextos socioculturales y procesos identitarios para movilizar una memoria colectiva que interviene calles y c\u00e1rceles, denunciando las injusticias. <a href=\"https:\/\/pajarxentrepuas.cl\">https:\/\/pajarxentrepuas.cl<\/a><\/p>\n<p><b>Camila Fuentevilla &#8211; Espacio Circulante la Puerta Azul (ex C\u00edrculo social de terapeutas),<\/b> es una organizaci\u00f3n comunitaria de base, que aborda procesos desde una perspectiva integradora: cuerpo, mente y esp\u00edritu. Actualmente la colectiva est\u00e1 compuesta por mujeres que se organizan econ\u00f3micamente desde la autogesti\u00f3n. <a href=\"https:\/\/www.instagram.com\/circulosocialdeterapeutas\/\">https:\/\/www.instagram.com\/circulosocialdeterapeutas\/<\/a><\/p>\n<p><b>Nicol\u00e1s Neut &#8211; La Finca,<\/b> organizaci\u00f3n comunitaria y biocultural. Complejidad, ecolog\u00eda, micropol\u00edtica, disidencias, artes &amp; oficios. <a href=\"https:\/\/www.instagram.com\/lafinca_\/?hl=es\">https:\/\/www.instagram.com\/lafinca_\/?hl=es<\/a><\/p>\n<p><strong>Modera: Viviana Silva Flores,<\/strong> artista visual e investigadora. Doctora en Bellas Artes y Master en Investigaci\u00f3n, Arte y Creaci\u00f3n por la Universidad Complutense de Madrid, estudios realizados con Becas Chile-CONICYT. Licenciada en Artes por la Universidad de Chile. Es Acad\u00e9mica de la Escuela de Educaci\u00f3n Art\u00edstica de la Universidad Cat\u00f3lica Silva Henr\u00edquez, investigadora FONDECYT Postdoctoral del Instituto de Historia y Cs. Sociales de la Universidad de Valpara\u00edso, y miembro del equipo como asesora y encargada de proyectos de la Direcci\u00f3n de Creaci\u00f3n e Investigaci\u00f3n de la Facultad de Artes de la Universidad de Chile. Su trabajo fluct\u00faa entre la pr\u00e1ctica y la investigaci\u00f3n art\u00edstica siendo ellas, exploraciones y aproximaciones a problem\u00e1ticas pol\u00edtico-sociales vinculadas a la H\/historia y a los modos de hacer memoria. En ello las ausencias son su principal espacio de trabajo, desde el que propone ejercicios de (de)construcci\u00f3n identitaria a partir de la memoria social y colectiva, mediante desplazamientos materiales e hibridaciones (que fluct\u00faan entre la instalaci\u00f3n textil, la fotograf\u00eda y el video-ensayo) y, a trav\u00e9s de pr\u00e1cticas colaborativas con comunidades en contextos espec\u00edficos entendiendo el arte como <i>praxis social<\/i>. Tanto su obra como investigaci\u00f3n es una b\u00fasqueda sobre maneras de hacer para pensar la construcci\u00f3n del tejido social y la re-escritura de la historia. Modos de hacer diversos para pensar el arte como construcci\u00f3n de nuevas realidades, de posibles mundos a trav\u00e9s de las im\u00e1genes y de los <i>haceres<\/i> del arte. Forma parte del Proyecto I+D <i>Las experiencias de lo pol\u00edtico en la Espa\u00f1a del franquismo<\/i> (UNED-Espa\u00f1a) y co-organizadora de <i>Hablar y Actuar Valpara\u00edso<\/i>.\u00a0 <a href=\"http:\/\/www.vivianasilva.com\/\">www.vivianasilva.com<\/a><\/p>\n<p><strong>Fecha:<\/strong> 26 agosto 2021 | \u00a0<strong>Horario:<\/strong> 18:30 horas (GTM-4)<\/p>\n","protected":false},"excerpt":{"rendered":"<p>Carolina Osorio &#8211; Organizaci\u00f3n Comunitaria Meta Cerro Larra\u00edn (Parque Escuela), organizaci\u00f3n funcional territorial con personalidad jur\u00eddica desde el a\u00f1o 2015, conformada formalmente por 28 personas, mujeres y personas autodefinidas como disidentes sexuales, que lidera el proceso de recuperaci\u00f3n socioambiental de un espacio vecinal en medio de Cerro Larra\u00edn, que sufri\u00f3 un proceso de degradaci\u00f3n entre [&hellip;]<\/p>\n","protected":false},"author":2,"featured_media":0,"comment_status":"open","ping_status":"open","sticky":false,"template":"","format":"standard","meta":{"_acf_changed":false,"footnotes":""},"categories":[2],"tags":[],"class_list":["post-521","post","type-post","status-publish","format-standard","hentry","category-seminarios"],"acf":[],"_links":{"self":[{"href":"https:\/\/parquecultural.cl\/hablaryactuar\/wp-json\/wp\/v2\/posts\/521","targetHints":{"allow":["GET"]}}],"collection":[{"href":"https:\/\/parquecultural.cl\/hablaryactuar\/wp-json\/wp\/v2\/posts"}],"about":[{"href":"https:\/\/parquecultural.cl\/hablaryactuar\/wp-json\/wp\/v2\/types\/post"}],"author":[{"embeddable":true,"href":"https:\/\/parquecultural.cl\/hablaryactuar\/wp-json\/wp\/v2\/users\/2"}],"replies":[{"embeddable":true,"href":"https:\/\/parquecultural.cl\/hablaryactuar\/wp-json\/wp\/v2\/comments?post=521"}],"version-history":[{"count":27,"href":"https:\/\/parquecultural.cl\/hablaryactuar\/wp-json\/wp\/v2\/posts\/521\/revisions"}],"predecessor-version":[{"id":1057,"href":"https:\/\/parquecultural.cl\/hablaryactuar\/wp-json\/wp\/v2\/posts\/521\/revisions\/1057"}],"wp:attachment":[{"href":"https:\/\/parquecultural.cl\/hablaryactuar\/wp-json\/wp\/v2\/media?parent=521"}],"wp:term":[{"taxonomy":"category","embeddable":true,"href":"https:\/\/parquecultural.cl\/hablaryactuar\/wp-json\/wp\/v2\/categories?post=521"},{"taxonomy":"post_tag","embeddable":true,"href":"https:\/\/parquecultural.cl\/hablaryactuar\/wp-json\/wp\/v2\/tags?post=521"}],"curies":[{"name":"wp","href":"https:\/\/api.w.org\/{rel}","templated":true}]}}