{"id":517,"date":"2021-06-02T09:53:25","date_gmt":"2021-06-02T13:53:25","guid":{"rendered":"https:\/\/parquecultural.cl\/hablaryactuar\/?p=517"},"modified":"2022-01-22T20:09:21","modified_gmt":"2022-01-23T00:09:21","slug":"arte-y-acciones-feministas","status":"publish","type":"post","link":"https:\/\/parquecultural.cl\/hablaryactuar\/arte-y-acciones-feministas\/","title":{"rendered":"Mesa 4 | Zonas de contacto: conversaci\u00f3n con Suzanne Lacy"},"content":{"rendered":"\r\n<p>&nbsp;<\/p>\r\n<div style=\"padding: 56.25% 0 0 0; position: relative;\"><iframe style=\"position: absolute; top: 0; left: 0; width: 100%; height: 100%;\" title=\"Zonas de contacto_ una conversacio\u0301n con Suzanne Lacy\" src=\"https:\/\/player.vimeo.com\/video\/669020481?h=4d6ee8d2f8&amp;badge=0&amp;autopause=0&amp;player_id=0&amp;app_id=58479\" frameborder=\"0\" allowfullscreen=\"allowfullscreen\" data-mce-fragment=\"1\"><\/iframe><\/div>\r\n<p><a href=\"http:\/\/div%20style=padding:56.25%%200%200%200;position:relative;iframe%20src=https:\/\/player.vimeo.com\/video\/669020481?h=4d6ee8d2f8&amp;badge=0&amp;autopause=0&amp;player_id=0&amp;app_id=58479%20frameborder=0%20allow=autoplay;%20fullscreen;%20picture-in-picture%20allowfullscreen%20style=position:absolute;top:0;left:0;width:100%;height:100%;%20title=Zonas%20de%20contacto_%20una%20conversacio\u0301n%20con%20Suzanne%20Lacy\/iframe\/divscript%20src=https:\/\/player.vimeo.com\/api\/player.js\/script\"><script src=\"https:\/\/player.vimeo.com\/api\/player.js\"><\/script><\/a><\/p>\r\n<p><b>Suzanne Lacy<\/b> <span style=\"font-weight: 400;\">es artista visual cuya prol\u00edfica carrera abarca desde performances, instalaci\u00f3n, video y fotograf\u00eda, hasta textos cr\u00edticos y pr\u00e1cticas comunitarias. Suzanne Lacy es una de las artistas de performance activas de la d\u00e9cada los setenta que dio forma al arte emergente de compromiso social. Su trabajo comprende desde exploraciones \u00edntimas y gr\u00e1ficas del cuerpo humano a performances p\u00fablicas de gran escala que involucran a cientos de actores y miles espectadores. Ha expuesto en el Tate Modern, el Museo Reina Sof\u00eda y el Museo de Arte Contempor\u00e1neo de Los \u00c1ngeles. Su libro<\/span><i><span style=\"font-weight: 400;\">, Mapping the Terrain: New Genre Public Art<\/span><\/i><span style=\"font-weight: 400;\"> (1995) fue el primero en acu\u00f1ar el t\u00e9rmino, as\u00ed como en articular la pr\u00e1ctica. Lacy es fundadora de la c\u00e1tedra de MFA en Pr\u00e1ctica P\u00fablica del Otis College of Art and Design. Obtuvo un Doctorado en Filosof\u00eda por la Gray\u2019s School of Art de la Robert Gordon University en Escocia. En la actualidad, ense\u00f1a en la Roski School of Art and Design de la Universidad del Sur de California. <\/span><a href=\"http:\/\/www.suzannelacy.com\/\"><span style=\"font-weight: 400;\">http:\/\/www.suzannelacy.com\/<\/span><\/a><\/p>\r\n<p><b>Paulina Varas Alarc\u00f3n: <\/b><span style=\"font-weight: 400;\">licenciada en Arte por la Universidad de Playa Ancha y Doctora en Historia y Teor\u00eda del Arte por la Universidad de Barcelona. Es investigadora y acad\u00e9mica del Campus Creativo de la Universidad Andr\u00e9s Bello y parte de CRAC Valpara\u00edso, una c\u00e9lula de acciones y plataforma de investigaci\u00f3n colectiva que trabaja de manera situada desde la ciudad de Valpara\u00edso. Con residencias art\u00edsticas, investigaci\u00f3n acci\u00f3n, pedagog\u00edas cr\u00edticas y arquitectura radical, proponen un entrelazamiento cr\u00edtico con la esfera p\u00fablica, la ciudad y el territorio como red de conexiones y asociaciones de experiencias sociales. Es miembro desde 2007 de la <\/span><i><span style=\"font-weight: 400;\">Red Conceptualismos del Sur<\/span><\/i><span style=\"font-weight: 400;\"> donde ha participado en una serie de publicaciones, presentaciones p\u00fablicas, acciones de apoyo y grupos de trabajo en Chile, Espa\u00f1a, Argentina, Per\u00fa, entre otros. Es autora o co-autora de los libros: <\/span><i><span style=\"font-weight: 400;\">Muntadas en Latinoam\u00e9rica <\/span><\/i><span style=\"font-weight: 400;\">(Caldas, 2009); <\/span><i><span style=\"font-weight: 400;\">Guillermo Deisler. Archivo, textos e im\u00e1genes en acci\u00f3n<\/span><\/i><span style=\"font-weight: 400;\"> (Santiago de Chile, 2013), <\/span><i><span style=\"font-weight: 400;\">Luz Donoso. El arte y la acci\u00f3n en el presente<\/span><\/i><span style=\"font-weight: 400;\"> (Santiago de Chile, 2018) entre otros. Como curadora o co-curadora destacan sus proyectos: <\/span><i><span style=\"font-weight: 400;\">Subversive Practices. Art under conditions of political repression, 60s-80s South America-Europe<\/span><\/i><span style=\"font-weight: 400;\">, (Stuttgart, 2009); <\/span><i><span style=\"font-weight: 400;\">Valpara\u00edso: Intervenciones<\/span><\/i><span style=\"font-weight: 400;\"> (Valpara\u00edso 2010); <\/span><i><span style=\"font-weight: 400;\">Una acci\u00f3n hecha por otro es una obra de Luz Donoso<\/span><\/i><span style=\"font-weight: 400;\"> (Santiago de Chile, 2011); <\/span><i><span style=\"font-weight: 400;\">Artist for Democracy: el archivo de Cecilia Vicu\u00f1a<\/span><\/i><span style=\"font-weight: 400;\"> (Santiago de Chile, 2014); <\/span><i><span style=\"font-weight: 400;\">Poner el cuerpo. Llamamientos de arte y pol\u00edtica en los a\u00f1os ochenta en Am\u00e9rica Latina<\/span><\/i><span style=\"font-weight: 400;\"> (Santiago de Chile, 2016). Ha participado en proyectos de re-activaci\u00f3n de los archivos: CADA (Colectivo de Acciones de Arte), Guillermo Deisler y Luz Donoso. Co-organiza <\/span><i><span style=\"font-weight: 400;\">Hablar y Actuar Valpara\u00edso.<\/span><\/i><\/p>\r\n<p><b>Viviana Silva Flores, <\/b><span style=\"font-weight: 400;\">artista visual e investigadora. Doctora en Bellas Artes y Master en Investigaci\u00f3n, Arte y Creaci\u00f3n por la Universidad Complutense de Madrid, estudios realizados con Becas Chile-CONICYT. Licenciada en Artes por la Universidad de Chile. Es Acad\u00e9mica de la Escuela de Educaci\u00f3n Art\u00edstica de la Universidad Cat\u00f3lica Silva Henr\u00edquez, investigadora FONDECYT Postdoctoral del Instituto de Historia y Cs. Sociales de la Universidad de Valpara\u00edso, y miembro del equipo como asesora y encargada de proyectos de la Direcci\u00f3n de Creaci\u00f3n e Investigaci\u00f3n de la Facultad de Artes de la Universidad de Chile. Su trabajo fluct\u00faa entre la pr\u00e1ctica y la investigaci\u00f3n art\u00edstica siendo ellas, exploraciones y aproximaciones a problem\u00e1ticas pol\u00edtico-sociales vinculadas a la H\/historia y a los modos de hacer memoria. En ello las ausencias son su principal espacio de trabajo, desde el que propone ejercicios de (de)construcci\u00f3n identitaria a partir de la memoria social y colectiva, mediante desplazamientos materiales e hibridaciones (que fluct\u00faan entre la instalaci\u00f3n textil, la fotograf\u00eda y el video-ensayo) y, a trav\u00e9s de pr\u00e1cticas colaborativas con comunidades en contextos espec\u00edficos entendiendo el arte como <\/span><i><span style=\"font-weight: 400;\">praxis social<\/span><\/i><span style=\"font-weight: 400;\">. Tanto su obra como investigaci\u00f3n es una b\u00fasqueda sobre maneras de hacer para pensar la construcci\u00f3n del tejido social y la re-escritura de la historia. Modos de hacer diversos para pensar el arte como construcci\u00f3n de nuevas realidades, de posibles mundos a trav\u00e9s de las im\u00e1genes y de los <\/span><i><span style=\"font-weight: 400;\">haceres<\/span><\/i><span style=\"font-weight: 400;\"> del arte. Forma parte del <\/span><span style=\"font-weight: 400;\">Proyecto I+D <\/span><i><span style=\"font-weight: 400;\">Las experiencias de lo pol\u00edtico en la Espa\u00f1a del franquismo <\/span><\/i><span style=\"font-weight: 400;\">(UNED-Espa\u00f1a) y <\/span><span style=\"font-weight: 400;\">co-organizadora de <\/span><i><span style=\"font-weight: 400;\">Hablar y Actuar Valpara\u00edso<\/span><\/i><span style=\"font-weight: 400;\">.\u00a0 <\/span><a href=\"http:\/\/www.vivianasilva.com\/\"><span style=\"font-weight: 400;\">www.vivianasilva.com<\/span><\/a><\/p>\r\n<p><strong>Fecha:<\/strong> 15 Diciembre |\u00a0 <strong>Hora:<\/strong> 19:00 (GTM-3)<\/p>\r\n","protected":false},"excerpt":{"rendered":"<p>&nbsp; Suzanne Lacy es artista visual cuya prol\u00edfica carrera abarca desde performances, instalaci\u00f3n, video y fotograf\u00eda, hasta textos cr\u00edticos y pr\u00e1cticas comunitarias. Suzanne Lacy es una de las artistas de performance activas de la d\u00e9cada los setenta que dio forma al arte emergente de compromiso social. Su trabajo comprende desde exploraciones \u00edntimas y gr\u00e1ficas del [&hellip;]<\/p>\n","protected":false},"author":2,"featured_media":0,"comment_status":"open","ping_status":"open","sticky":false,"template":"","format":"standard","meta":{"_acf_changed":false,"footnotes":""},"categories":[2],"tags":[],"class_list":["post-517","post","type-post","status-publish","format-standard","hentry","category-seminarios"],"acf":[],"_links":{"self":[{"href":"https:\/\/parquecultural.cl\/hablaryactuar\/wp-json\/wp\/v2\/posts\/517","targetHints":{"allow":["GET"]}}],"collection":[{"href":"https:\/\/parquecultural.cl\/hablaryactuar\/wp-json\/wp\/v2\/posts"}],"about":[{"href":"https:\/\/parquecultural.cl\/hablaryactuar\/wp-json\/wp\/v2\/types\/post"}],"author":[{"embeddable":true,"href":"https:\/\/parquecultural.cl\/hablaryactuar\/wp-json\/wp\/v2\/users\/2"}],"replies":[{"embeddable":true,"href":"https:\/\/parquecultural.cl\/hablaryactuar\/wp-json\/wp\/v2\/comments?post=517"}],"version-history":[{"count":15,"href":"https:\/\/parquecultural.cl\/hablaryactuar\/wp-json\/wp\/v2\/posts\/517\/revisions"}],"predecessor-version":[{"id":1063,"href":"https:\/\/parquecultural.cl\/hablaryactuar\/wp-json\/wp\/v2\/posts\/517\/revisions\/1063"}],"wp:attachment":[{"href":"https:\/\/parquecultural.cl\/hablaryactuar\/wp-json\/wp\/v2\/media?parent=517"}],"wp:term":[{"taxonomy":"category","embeddable":true,"href":"https:\/\/parquecultural.cl\/hablaryactuar\/wp-json\/wp\/v2\/categories?post=517"},{"taxonomy":"post_tag","embeddable":true,"href":"https:\/\/parquecultural.cl\/hablaryactuar\/wp-json\/wp\/v2\/tags?post=517"}],"curies":[{"name":"wp","href":"https:\/\/api.w.org\/{rel}","templated":true}]}}