{"id":26,"date":"2021-06-20T21:52:03","date_gmt":"2021-06-21T01:52:03","guid":{"rendered":"https:\/\/parquecultural.cl\/hablaryactuar\/?p=26"},"modified":"2022-01-22T20:06:09","modified_gmt":"2022-01-23T00:06:09","slug":"arte-sonoro-y-comunidades-artistas-indigenas","status":"publish","type":"post","link":"https:\/\/parquecultural.cl\/hablaryactuar\/arte-sonoro-y-comunidades-artistas-indigenas\/","title":{"rendered":"Mesa 2 | Saberes indisciplinados: pedagog\u00edas cr\u00edticas para la acci\u00f3n"},"content":{"rendered":"\r\n<div>\u00a0<\/div>\r\n<div style=\"padding: 56.25% 0 0 0; position: relative;\"><iframe style=\"position: absolute; top: 0; left: 0; width: 100%; height: 100%;\" title=\"[CONVERSATORIO] Saberes Indisciplinados_pedagogi\u0301as cri\u0301ticas para la accio\u0301n\" src=\"https:\/\/player.vimeo.com\/video\/655148471?h=286c7c25e0&amp;badge=0&amp;autopause=0&amp;player_id=0&amp;app_id=58479\" frameborder=\"0\" allowfullscreen=\"allowfullscreen\" data-mce-fragment=\"1\"><\/iframe><\/div>\r\n<h2><a href=\"http:\/\/div%20style=padding:56.25%%200%200%200;position:relative;iframe%20src=https:\/\/player.vimeo.com\/video\/655148471?h=286c7c25e0&amp;badge=0&amp;autopause=0&amp;player_id=0&amp;app_id=58479%20frameborder=0%20allow=autoplay;%20fullscreen;%20picture-in-picture%20allowfullscreen%20style=position:absolute;top:0;left:0;width:100%;height:100%;%20title=%5BCONVERSATORIO%5D%20Saberes%20Indisciplinados_pedagogi\u0301as%20cri\u0301ticas%20para%20la%20accio\u0301n\/iframe\/divscript%20src=https:\/\/player.vimeo.com\/api\/player.js\/script\"><script src=\"https:\/\/player.vimeo.com\/api\/player.js\"><\/script><\/a><\/h2>\r\n<p><b>Grant Kester<\/b> <span style=\"font-weight: 400;\">es profesor de Historia del Arte y editor fundador de <\/span><i><span style=\"font-weight: 400;\">FIELD: A Journal of Socially Engaged Art Criticism<\/span><\/i><span style=\"font-weight: 400;\"> (<\/span><a href=\"http:\/\/field-journal.com\"><span style=\"font-weight: 400;\">http:\/\/field-journal.com<\/span><\/a><span style=\"font-weight: 400;\">). Kester es una de las figuras principales en el di\u00e1logo cr\u00edtico en torno a la pr\u00e1ctica del arte socialmente comprometida. Sus publicaciones incluyen: <\/span><i><span style=\"font-weight: 400;\">Art, Activism and Oppositionality: Essays from Afterimage<\/span><\/i><span style=\"font-weight: 400;\"> (Duke University Press, 1998), <\/span><i><span style=\"font-weight: 400;\">Conversation Pieces: Community and Communication in Modern Art<\/span><\/i><span style=\"font-weight: 400;\"> (University of California Press, 2004, segunda edici\u00f3n 2013), <\/span><i><span style=\"font-weight: 400;\">The One and the Many: Contemporary Collaborative Art in a Global Context <\/span><\/i><span style=\"font-weight: 400;\">(Duke University Press, 2011) y <\/span><i><span style=\"font-weight: 400;\">Collective Situations: Readings in Contemporary Latin American Art 1995-2010<\/span><\/i><span style=\"font-weight: 400;\">, coeditado con Bill Kelley (Duke University Press, 2017). Los ensayos de Kester se han publicado en <\/span><i><span style=\"font-weight: 400;\">Art in Theory: The West in the World-An Anthology of Changing Ideas<\/span><\/i><span style=\"font-weight: 400;\"> (Wiley \/ Blackwell, 2020), <\/span><i><span style=\"font-weight: 400;\">A Companion to Public Art<\/span><\/i><span style=\"font-weight: 400;\"> (Oxford, 2016), <\/span><i><span style=\"font-weight: 400;\">The Blackwell Companion to Contemporary Art Since 1945<\/span><\/i><span style=\"font-weight: 400;\"> (Blackwell, 2006), <\/span><i><span style=\"font-weight: 400;\">Teor\u00eda del arte contempor\u00e1neo desde 1945<\/span><\/i><span style=\"font-weight: 400;\"> (Blackwell, 2004), <\/span><i><span style=\"font-weight: 400;\">Pol\u00edtica y po\u00e9tica: est\u00e9tica radical para el aula<\/span><\/i><span style=\"font-weight: 400;\"> (St. Martins Press, 1999) y la <\/span><i><span style=\"font-weight: 400;\">Encyclopedia of Aesthetics <\/span><\/i><span style=\"font-weight: 400;\">(Oxford University Press, 1998). Actualmente est\u00e1 completando un libro de dos vol\u00famenes sobre la pol\u00edtica de la autonom\u00eda est\u00e9tica, que est\u00e1 siendo revisado por Duke University Press.<\/span><\/p>\r\n<p><b>David Guti\u00e9rrez Casta\u00f1eda<\/b> <span style=\"font-weight: 400;\">es <\/span><span style=\"font-weight: 400;\">soci\u00f3logo de la Universidad Nacional de Colombia (2006), Maestro y Doctor en Historia del Arte por la Universidad Nacional Aut\u00f3noma de M\u00e9xico (2011) con \u00e9nfasis en estudios del performance y g\u00e9nero, arte y pol\u00edtica en Am\u00e9rica Latina, y museolog\u00eda contempor\u00e1nea. En su investigaci\u00f3n doctoral <\/span><i><span style=\"font-weight: 400;\">Ejercicios del Cuidado: a prop\u00f3sito de La Piel de la Memoria<\/span><\/i><span style=\"font-weight: 400;\"> indag\u00f3 sobre los desempe\u00f1os culturales y art\u00edsticos como pr\u00e1ctica del cuidado. Profesor Ordinario de Carrera Asociado C de Tiempo Completo en la Licenciatura en Historia del Arte en la Escuela Nacional de Estudios Superiores Unidad Morelia (ENES) de la UNAM, del cual ha sido coordinador en los a\u00f1os 2019 y 2020. Implementa el Seminario de Estudios del Performance y las Artes Vivas (SepaVivas) y el programa de residencias art\u00edsticas en la ENES. Seminario abierto a procesos de experimentaci\u00f3n performativa, artes procesuales, materialidades vivas y discusiones acerca del g\u00e9nero. Miembro del colectivo de investigaci\u00f3n <\/span><i><span style=\"font-weight: 400;\">Taller de Historia Cr\u00edtica del Arte <\/span><\/i><span style=\"font-weight: 400;\">y de la <\/span><i><span style=\"font-weight: 400;\">Red de Conceptualismos del Sur.<\/span><\/i><span style=\"font-weight: 400;\"> Ha sido profesor invitado en la Facultad de Artes de la Universidad Nacional de Colombia en el 2018. Participa como tutor y jurado en posgrados en M\u00e9xico, Colombia y Brasil. Ganador del Premio Nacional de Cr\u00edtica de Arte del Ministerio de Cultura de Colombia 2010. Entre sus investigaciones se cuenta: <\/span><i><span style=\"font-weight: 400;\">De los g\u00e9neros a los cuidados. Pr\u00e1cticas pedag\u00f3gicas para reflexionar sobre las intimidades en contextos p\u00fablicos institucionales<\/span><\/i><span style=\"font-weight: 400;\"> (Papime PE404818) y <\/span><i><span style=\"font-weight: 400;\">Avivar el Horizonte Ambiental Com\u00fan: Encuentros Pedag\u00f3gicos entre Artes y Ecolog\u00eda Pol\u00edtica<\/span><\/i><span style=\"font-weight: 400;\"> (Papime PE402519). Es autor del libro <\/span><i><span style=\"font-weight: 400;\">Mapa Teatro 1987-1992<\/span><\/i><span style=\"font-weight: 400;\"> (2014). Correo electr\u00f3nico: <\/span><span style=\"font-weight: 400;\">david.gutierrezc@enesmorelia.unam.mx<\/span><span style=\"font-weight: 400;\">\u00a0<\/span><\/p>\r\n<p><strong>Fecha:<\/strong> 27 de Octubre 2021 |\u00a0 <strong>Hora:<\/strong> 18:00 horas (GTM-3)<\/p>\r\n","protected":false},"excerpt":{"rendered":"<p>\u00a0 Grant Kester es profesor de Historia del Arte y editor fundador de FIELD: A Journal of Socially Engaged Art Criticism (http:\/\/field-journal.com). Kester es una de las figuras principales en el di\u00e1logo cr\u00edtico en torno a la pr\u00e1ctica del arte socialmente comprometida. Sus publicaciones incluyen: Art, Activism and Oppositionality: Essays from Afterimage (Duke University Press, [&hellip;]<\/p>\n","protected":false},"author":2,"featured_media":0,"comment_status":"open","ping_status":"open","sticky":false,"template":"","format":"standard","meta":{"_acf_changed":false,"footnotes":""},"categories":[2],"tags":[],"class_list":["post-26","post","type-post","status-publish","format-standard","hentry","category-seminarios"],"acf":[],"_links":{"self":[{"href":"https:\/\/parquecultural.cl\/hablaryactuar\/wp-json\/wp\/v2\/posts\/26","targetHints":{"allow":["GET"]}}],"collection":[{"href":"https:\/\/parquecultural.cl\/hablaryactuar\/wp-json\/wp\/v2\/posts"}],"about":[{"href":"https:\/\/parquecultural.cl\/hablaryactuar\/wp-json\/wp\/v2\/types\/post"}],"author":[{"embeddable":true,"href":"https:\/\/parquecultural.cl\/hablaryactuar\/wp-json\/wp\/v2\/users\/2"}],"replies":[{"embeddable":true,"href":"https:\/\/parquecultural.cl\/hablaryactuar\/wp-json\/wp\/v2\/comments?post=26"}],"version-history":[{"count":22,"href":"https:\/\/parquecultural.cl\/hablaryactuar\/wp-json\/wp\/v2\/posts\/26\/revisions"}],"predecessor-version":[{"id":1060,"href":"https:\/\/parquecultural.cl\/hablaryactuar\/wp-json\/wp\/v2\/posts\/26\/revisions\/1060"}],"wp:attachment":[{"href":"https:\/\/parquecultural.cl\/hablaryactuar\/wp-json\/wp\/v2\/media?parent=26"}],"wp:term":[{"taxonomy":"category","embeddable":true,"href":"https:\/\/parquecultural.cl\/hablaryactuar\/wp-json\/wp\/v2\/categories?post=26"},{"taxonomy":"post_tag","embeddable":true,"href":"https:\/\/parquecultural.cl\/hablaryactuar\/wp-json\/wp\/v2\/tags?post=26"}],"curies":[{"name":"wp","href":"https:\/\/api.w.org\/{rel}","templated":true}]}}