{"id":3,"count":4,"description":"Talleres a modo de residencias, en las que diversos investigadores, artistas y colectivos, tanto internacionales como nacionales\/locales, realizar\u00e1n mediante un profundo trabajo dial\u00f3gico desde el arte contempor\u00e1neo y el pensamiento cr\u00edtico, vinculaciones y relaciones con agrupaciones, comunidades y actores locales de la ciudad de Valpara\u00edso. En dichos talleres\/residencia se atender\u00e1 a las tem\u00e1ticas atingentes a la exposici\u00f3n, desde las problem\u00e1ticas locales y nacionales, abordando tambi\u00e9n el proceso constituyente que como pa\u00eds estamos viviendo. \r\n\r\nTodas estas actividades son realizadas con el apoyo y en vinculaci\u00f3n con el Departamento Territorio y Redes del PCdV, el Campus Creativo de la Universidad Andr\u00e9s Bello, y el Instituto de Historia y Cs. Sociales de la Universidad de Valpara\u00edso.\r\n\r\n","link":"https:\/\/parquecultural.cl\/hablaryactuar\/categoria\/talleres-residencias\/","name":"Talleres\/residencias","slug":"talleres-residencias","taxonomy":"category","parent":0,"meta":[],"acf":[],"_links":{"self":[{"href":"https:\/\/parquecultural.cl\/hablaryactuar\/wp-json\/wp\/v2\/categories\/3","targetHints":{"allow":["GET"]}}],"collection":[{"href":"https:\/\/parquecultural.cl\/hablaryactuar\/wp-json\/wp\/v2\/categories"}],"about":[{"href":"https:\/\/parquecultural.cl\/hablaryactuar\/wp-json\/wp\/v2\/taxonomies\/category"}],"wp:post_type":[{"href":"https:\/\/parquecultural.cl\/hablaryactuar\/wp-json\/wp\/v2\/posts?categories=3"}],"curies":[{"name":"wp","href":"https:\/\/api.w.org\/{rel}","templated":true}]}}