{"id":2,"count":4,"description":"El Seminario Internacional \"Formas de hacer, decir, pensar con\/en el tejido social\", es un programa dedicado a la reflexi\u00f3n colectiva en torno a la teor\u00eda y pr\u00e1ctica de las artes visuales, las pedagog\u00edas cr\u00edticas y los activismos. En lo metodol\u00f3gico, \u00e9ste se desarrollar\u00e1 durante cuatro sesiones en modalidad virtual coordin\u00e1ndose desde la ciudad de Valpara\u00edso, Chile. El mismo ser\u00e1 bajo una estructura de conversaci\u00f3n-debate-di\u00e1logo abierto dividido en 4 mesas de trabajo, cada una de ellas definidas tem\u00e1ticamente e interconectadas entre s\u00ed, que derivan y se vinculan a los t\u00f3picos de la exposici\u00f3n \u201cHablar y Actuar Valpara\u00edso: arte, pedagog\u00eda y activismo en las Am\u00e9ricas\u201d. \r\n\r\nEl seminario est\u00e1 dirigido a un p\u00fablico variado. Profesionales y estudiantes de las artes, de la teor\u00eda e historia del arte, de arquitectura, pedagog\u00eda, humanidades y ciencias sociales. Tambi\u00e9n a vecines y comunidades diversas de Valpara\u00edso y\/o que se encuentren en cualquier lugar del mundo. Adultos mayores, agrupaciones barriales, activistas y todas aquellas personas que se sienta convocado por estas tem\u00e1ticas.\r\n","link":"https:\/\/parquecultural.cl\/hablaryactuar\/categoria\/seminarios\/","name":"Seminario Internacional","slug":"seminarios","taxonomy":"category","parent":0,"meta":[],"acf":[],"_links":{"self":[{"href":"https:\/\/parquecultural.cl\/hablaryactuar\/wp-json\/wp\/v2\/categories\/2","targetHints":{"allow":["GET"]}}],"collection":[{"href":"https:\/\/parquecultural.cl\/hablaryactuar\/wp-json\/wp\/v2\/categories"}],"about":[{"href":"https:\/\/parquecultural.cl\/hablaryactuar\/wp-json\/wp\/v2\/taxonomies\/category"}],"wp:post_type":[{"href":"https:\/\/parquecultural.cl\/hablaryactuar\/wp-json\/wp\/v2\/posts?categories=2"}],"curies":[{"name":"wp","href":"https:\/\/api.w.org\/{rel}","templated":true}]}}